{"id":16598,"date":"2026-03-06T16:34:41","date_gmt":"2026-03-06T16:34:41","guid":{"rendered":"https:\/\/www.engagement.fr\/?p=16598"},"modified":"2026-03-06T16:43:04","modified_gmt":"2026-03-06T16:43:04","slug":"laureates-discuss-ecology-in-the-latest-podcast-from-the-institutes-laureate-dasmaou","status":"publish","type":"post","link":"https:\/\/www.engagement.fr\/en\/des-laureates-echangent-sur-lecologie-dans-le-dernier-podcast-dasmaou-laureate-de-linstitut\/","title":{"rendered":"Winners discuss ecology in the latest podcast from Asmaou, an Institute laureate"},"content":{"rendered":"<div data-elementor-type=\"wp-post\" data-elementor-id=\"16598\" class=\"elementor elementor-16598\" data-elementor-post-type=\"post\">\n\t\t\t\t<div class=\"elementor-element elementor-element-569b0a3 e-con-full e-flex e-con e-parent\" data-id=\"569b0a3\" data-element_type=\"container\" data-e-type=\"container\" data-settings=\"{&quot;background_background&quot;:&quot;classic&quot;,&quot;background_motion_fx_motion_fx_mouse&quot;:&quot;yes&quot;,&quot;background_motion_fx_mouseTrack_effect&quot;:&quot;yes&quot;,&quot;background_motion_fx_mouseTrack_speed&quot;:{&quot;unit&quot;:&quot;px&quot;,&quot;size&quot;:1,&quot;sizes&quot;:[]}}\">\n\t\t<div class=\"elementor-element elementor-element-64616b5 e-flex e-con-boxed e-con e-child\" data-id=\"64616b5\" data-element_type=\"container\" data-e-type=\"container\" data-settings=\"{&quot;background_background&quot;:&quot;classic&quot;}\">\n\t\t\t\t\t<div class=\"e-con-inner\">\n\t\t<div class=\"elementor-element elementor-element-c38a6a3 e-con-full e-flex e-con e-child\" data-id=\"c38a6a3\" data-element_type=\"container\" data-e-type=\"container\">\n\t\t\t\t<div class=\"elementor-element elementor-element-211f1f6 elementor-invisible elementor-widget elementor-widget-text-editor\" data-id=\"211f1f6\" data-element_type=\"widget\" data-e-type=\"widget\" data-settings=\"{&quot;_animation&quot;:&quot;fadeIn&quot;,&quot;_animation_delay&quot;:500}\" data-widget_type=\"text-editor.default\">\n\t\t\t\t<div class=\"elementor-widget-container\">\n\t\t\t\t\t\t\t\t\t6 March 2026\t\t\t\t\t\t\t\t<\/div>\n\t\t\t\t<\/div>\n\t\t\t\t<div class=\"elementor-element elementor-element-fc5633f elementor-widget-divider--view-line elementor-invisible elementor-widget elementor-widget-divider\" data-id=\"fc5633f\" data-element_type=\"widget\" data-e-type=\"widget\" data-settings=\"{&quot;_animation&quot;:&quot;fadeInUp&quot;}\" data-widget_type=\"divider.default\">\n\t\t\t\t<div class=\"elementor-widget-container\">\n\t\t\t\t\t\t\t<div class=\"elementor-divider\">\n\t\t\t<span class=\"elementor-divider-separator\">\n\t\t\t\t\t\t<\/span>\n\t\t<\/div>\n\t\t\t\t\t\t<\/div>\n\t\t\t\t<\/div>\n\t\t\t\t<div class=\"elementor-element elementor-element-c783a2c elementor-invisible elementor-widget elementor-widget-heading\" data-id=\"c783a2c\" data-element_type=\"widget\" data-e-type=\"widget\" data-settings=\"{&quot;_animation&quot;:&quot;fadeInUp&quot;}\" data-widget_type=\"heading.default\">\n\t\t\t\t<div class=\"elementor-widget-container\">\n\t\t\t\t\t<h1 class=\"elementor-heading-title elementor-size-default\">Award winners discuss ecology in the latest podcast by Asmaou, an Institute award winner.<\/h1>\t\t\t\t<\/div>\n\t\t\t\t<\/div>\n\t\t<div class=\"elementor-element elementor-element-6a2c7aa e-flex e-con-boxed e-con e-child\" data-id=\"6a2c7aa\" data-element_type=\"container\" data-e-type=\"container\">\n\t\t\t\t\t<div class=\"e-con-inner\">\n\t\t\t\t<div class=\"elementor-element elementor-element-8ee00c1 elementor-align-center elementor-invisible elementor-widget elementor-widget-lottie\" data-id=\"8ee00c1\" data-element_type=\"widget\" data-e-type=\"widget\" data-settings=\"{&quot;source_json&quot;:{&quot;url&quot;:&quot;https:\\\/\\\/www.engagement.fr\\\/wp-content\\\/uploads\\\/2024\\\/03\\\/2810-arrow-down.json&quot;,&quot;id&quot;:1401,&quot;size&quot;:&quot;&quot;,&quot;alt&quot;:&quot;&quot;,&quot;source&quot;:&quot;library&quot;},&quot;loop&quot;:&quot;yes&quot;,&quot;_animation&quot;:&quot;fadeIn&quot;,&quot;_animation_delay&quot;:600,&quot;source&quot;:&quot;media_file&quot;,&quot;caption_source&quot;:&quot;none&quot;,&quot;link_to&quot;:&quot;none&quot;,&quot;trigger&quot;:&quot;arriving_to_viewport&quot;,&quot;viewport&quot;:{&quot;unit&quot;:&quot;%&quot;,&quot;size&quot;:&quot;&quot;,&quot;sizes&quot;:{&quot;start&quot;:0,&quot;end&quot;:100}},&quot;play_speed&quot;:{&quot;unit&quot;:&quot;px&quot;,&quot;size&quot;:1,&quot;sizes&quot;:[]},&quot;start_point&quot;:{&quot;unit&quot;:&quot;%&quot;,&quot;size&quot;:0,&quot;sizes&quot;:[]},&quot;end_point&quot;:{&quot;unit&quot;:&quot;%&quot;,&quot;size&quot;:100,&quot;sizes&quot;:[]},&quot;renderer&quot;:&quot;svg&quot;}\" data-widget_type=\"lottie.default\">\n\t\t\t\t<div class=\"elementor-widget-container\">\n\t\t\t\t\t<div class=\"e-lottie__container\"><div class=\"e-lottie__animation\"><\/div><\/div>\t\t\t\t<\/div>\n\t\t\t\t<\/div>\n\t\t\t\t\t<\/div>\n\t\t\t\t<\/div>\n\t\t\t\t<\/div>\n\t\t\t\t\t<\/div>\n\t\t\t\t<\/div>\n\t\t\t\t<\/div>\n\t\t<div class=\"elementor-element elementor-element-e8ab51a e-flex e-con-boxed e-con e-parent\" data-id=\"e8ab51a\" data-element_type=\"container\" data-e-type=\"container\" data-settings=\"{&quot;background_background&quot;:&quot;classic&quot;}\">\n\t\t\t\t\t<div class=\"e-con-inner\">\n\t\t\t\t<div class=\"elementor-element elementor-element-50317e3 elementor-widget elementor-widget-text-editor\" data-id=\"50317e3\" data-element_type=\"widget\" data-e-type=\"widget\" data-widget_type=\"text-editor.default\">\n\t\t\t\t<div class=\"elementor-widget-container\">\n\t\t\t\t\t\t\t\t\t<p>On the occasion of the latest University of Engagement, Asmaou Borges, a graduate of the Spring 2025 cohort, recorded a new episode of her podcast \u00abEn sc\u00e8ne\", on the theme: \" <strong>Can we talk about ecology without being an expert?<\/strong> \u00bb.<\/p><p>To answer this, two laureates, Chlo\u00e9 and Am\u00e9lie, took to the microphone. In 20 minutes, they touch upon personal engagement, current affairs, our relationship with life, and the place of young people in public debate. A sincere and profoundly embodied exchange, which shows that legitimacy also comes through engagement.<\/p>\t\t\t\t\t\t\t\t<\/div>\n\t\t\t\t<\/div>\n\t\t\t\t<div class=\"elementor-element elementor-element-74d686b elementor-align-center elementor-widget elementor-widget-button\" data-id=\"74d686b\" data-element_type=\"widget\" data-e-type=\"widget\" data-widget_type=\"button.default\">\n\t\t\t\t<div class=\"elementor-widget-container\">\n\t\t\t\t\t\t\t\t\t<div class=\"elementor-button-wrapper\">\n\t\t\t\t\t<a class=\"elementor-button elementor-button-link elementor-size-sm\" href=\"https:\/\/linktr.ee\/ensceneasma\" target=\"_blank\">\n\t\t\t\t\t\t<span class=\"elementor-button-content-wrapper\">\n\t\t\t\t\t\t\t\t\t<span class=\"elementor-button-text\">Listen to the podcast<\/span>\n\t\t\t\t\t<\/span>\n\t\t\t\t\t<\/a>\n\t\t\t\t<\/div>\n\t\t\t\t\t\t\t\t<\/div>\n\t\t\t\t<\/div>\n\t\t\t\t<div class=\"elementor-element elementor-element-6ad0f36 elementor-widget elementor-widget-image\" data-id=\"6ad0f36\" data-element_type=\"widget\" data-e-type=\"widget\" data-widget_type=\"image.default\">\n\t\t\t\t<div class=\"elementor-widget-container\">\n\t\t\t\t\t\t\t\t\t\t\t\t\t\t\t<img fetchpriority=\"high\" decoding=\"async\" width=\"1000\" height=\"600\" src=\"https:\/\/www.engagement.fr\/wp-content\/uploads\/2026\/03\/Gabarit-actus-site-internet_Podcast-Asmaou.png\" class=\"attachment-full size-full wp-image-16600\" alt=\"\" srcset=\"https:\/\/www.engagement.fr\/wp-content\/uploads\/2026\/03\/Gabarit-actus-site-internet_Podcast-Asmaou.png 1000w, https:\/\/www.engagement.fr\/wp-content\/uploads\/2026\/03\/Gabarit-actus-site-internet_Podcast-Asmaou-300x180.png 300w, https:\/\/www.engagement.fr\/wp-content\/uploads\/2026\/03\/Gabarit-actus-site-internet_Podcast-Asmaou-768x461.png 768w, https:\/\/www.engagement.fr\/wp-content\/uploads\/2026\/03\/Gabarit-actus-site-internet_Podcast-Asmaou-18x12.png 18w\" sizes=\"(max-width: 1000px) 100vw, 1000px\" \/>\t\t\t\t\t\t\t\t\t\t\t\t\t\t\t<\/div>\n\t\t\t\t<\/div>\n\t\t\t\t\t<\/div>\n\t\t\t\t<\/div>\n\t\t<div class=\"elementor-element elementor-element-a054bb3 e-con-full e-flex e-con e-parent\" data-id=\"a054bb3\" data-element_type=\"container\" data-e-type=\"container\">\n\t\t\t\t<div class=\"elementor-element elementor-element-89d3b5c elementor-post-navigation-borders-yes elementor-widget elementor-widget-post-navigation\" data-id=\"89d3b5c\" data-element_type=\"widget\" data-e-type=\"widget\" data-widget_type=\"post-navigation.default\">\n\t\t\t\t<div class=\"elementor-widget-container\">\n\t\t\t\t\t\t\t<div class=\"elementor-post-navigation\" role=\"navigation\" aria-label=\"Post Navigation\">\n\t\t\t<div class=\"elementor-post-navigation__prev elementor-post-navigation__link\">\n\t\t\t\t<a href=\"https:\/\/www.engagement.fr\/en\/decouvrez-la-liste-des-laureats-de-la-session-de-printemps-2026\/\" rel=\"prev\"><span class=\"post-navigation__arrow-wrapper post-navigation__arrow-prev\"><svg aria-hidden=\"true\" class=\"e-font-icon-svg e-fas-angle-left\" viewbox=\"0 0 256 512\" xmlns=\"http:\/\/www.w3.org\/2000\/svg\"><path d=\"M31.7 239l136-136c9.4-9.4 24.6-9.4 33.9 0l22.6 22.6c9.4 9.4 9.4 24.6 0 33.9L127.9 256l96.4 96.4c9.4 9.4 9.4 24.6 0 33.9L201.7 409c-9.4 9.4-24.6 9.4-33.9 0l-136-136c-9.5-9.4-9.5-24.6-.1-34z\"><\/path><\/svg><span class=\"elementor-screen-only\">Previous<\/span><\/span><span class=\"elementor-post-navigation__link__prev\"><span class=\"post-navigation__prev--label\">Previous<\/span><span class=\"post-navigation__prev--title\">Discover the list of winners from the Spring 2026 session<\/span><\/span><\/a>\t\t\t<\/div>\n\t\t\t\t\t\t\t<div class=\"elementor-post-navigation__separator-wrapper\">\n\t\t\t\t\t<div class=\"elementor-post-navigation__separator\"><\/div>\n\t\t\t\t<\/div>\n\t\t\t\t\t\t<div class=\"elementor-post-navigation__next elementor-post-navigation__link\">\n\t\t\t\t<a href=\"https:\/\/www.engagement.fr\/en\/des-laureats-passent-le-mbti-avec-colombus-consulting\/\" rel=\"next\"><span class=\"elementor-post-navigation__link__next\"><span class=\"post-navigation__next--label\">Next<\/span><span class=\"post-navigation__next--title\">Award winners take the MBTI with Colombus Consulting<\/span><\/span><span class=\"post-navigation__arrow-wrapper post-navigation__arrow-next\"><svg aria-hidden=\"true\" class=\"e-font-icon-svg e-fas-angle-right\" viewbox=\"0 0 256 512\" xmlns=\"http:\/\/www.w3.org\/2000\/svg\"><path d=\"M224.3 273l-136 136c-9.4 9.4-24.6 9.4-33.9 0l-22.6-22.6c-9.4-9.4-9.4-24.6 0-33.9l96.4-96.4-96.4-96.4c-9.4-9.4-9.4-24.6 0-33.9L54.3 103c9.4-9.4 24.6-9.4 33.9 0l136 136c9.5 9.4 9.5 24.6.1 34z\"><\/path><\/svg><span class=\"elementor-screen-only\">Next<\/span><\/span><\/a>\t\t\t<\/div>\n\t\t<\/div>\n\t\t\t\t\t\t<\/div>\n\t\t\t\t<\/div>\n\t\t\t\t<\/div>\n\t\t\t\t<\/div>","protected":false},"excerpt":{"rendered":"<p>For the latest University of Engagement, Asmaou Borges, spring 2025 laureate, recorded a new episode of her podcast \u00abEn sc\u00e8ne\u00bb, on the theme: \"Can we talk about ecology without being an expert?\". <\/p>","protected":false},"author":3,"featured_media":16600,"comment_status":"open","ping_status":"open","sticky":false,"template":"elementor_header_footer","format":"standard","meta":{"footnotes":""},"categories":[1],"tags":[],"class_list":["post-16598","post","type-post","status-publish","format-standard","has-post-thumbnail","hentry","category-uncategorized"],"yoast_head":"<!-- This site is optimized with the Yoast SEO plugin v27.5 - https:\/\/yoast.com\/product\/yoast-seo-wordpress\/ -->\n<title>Des laur\u00e9ates \u00e9changent sur l&#039;\u00e9cologie dans le dernier podcast d&#039;Asmaou, laur\u00e9ate de l&#039;Institut - Institut de l&#039;Engagement<\/title>\n<meta name=\"robots\" content=\"index, follow, max-snippet:-1, max-image-preview:large, max-video-preview:-1\" \/>\n<link rel=\"canonical\" href=\"https:\/\/www.engagement.fr\/en\/laureates-discuss-ecology-in-the-latest-podcast-from-the-institutes-laureate-dasmaou\/\" \/>\n<meta property=\"og:locale\" content=\"en_GB\" \/>\n<meta property=\"og:type\" content=\"article\" \/>\n<meta property=\"og:title\" content=\"Des laur\u00e9ates \u00e9changent sur l&#039;\u00e9cologie dans le dernier podcast d&#039;Asmaou, laur\u00e9ate de l&#039;Institut - Institut de l&#039;Engagement\" \/>\n<meta property=\"og:description\" content=\"\u00c0 l\u2019occasion de la derni\u00e8re Universit\u00e9 de l\u2019Engagement, Asmaou Borges, laur\u00e9ate de printemps 2025, a enregistr\u00e9 un nouvel \u00e9pisode de son podcast En sc\u00e8ne, sur le th\u00e8me : \u00ab Peut-on parler d&#039;\u00e9cologie sans \u00eatre expert ? \u00bb.\" \/>\n<meta property=\"og:url\" content=\"https:\/\/www.engagement.fr\/en\/laureates-discuss-ecology-in-the-latest-podcast-from-the-institutes-laureate-dasmaou\/\" \/>\n<meta property=\"og:site_name\" content=\"Institut de l&#039;Engagement\" \/>\n<meta property=\"article:publisher\" content=\"https:\/\/www.facebook.com\/Institut.Engagement\" \/>\n<meta property=\"article:published_time\" content=\"2026-03-06T16:34:41+00:00\" \/>\n<meta property=\"article:modified_time\" content=\"2026-03-06T16:43:04+00:00\" \/>\n<meta property=\"og:image\" content=\"https:\/\/www.engagement.fr\/wp-content\/uploads\/2026\/03\/Gabarit-actus-site-internet_Podcast-Asmaou.png\" \/>\n\t<meta property=\"og:image:width\" content=\"1000\" \/>\n\t<meta property=\"og:image:height\" content=\"600\" \/>\n\t<meta property=\"og:image:type\" content=\"image\/png\" \/>\n<meta name=\"author\" content=\"C\u00e9cile Torrent\" \/>\n<meta name=\"twitter:card\" content=\"summary_large_image\" \/>\n<meta name=\"twitter:creator\" content=\"@i_engagement\" \/>\n<meta name=\"twitter:site\" content=\"@i_engagement\" \/>\n<meta name=\"twitter:label1\" content=\"Written by\" \/>\n\t<meta name=\"twitter:data1\" content=\"C\u00e9cile Torrent\" \/>\n\t<meta name=\"twitter:label2\" content=\"Estimated reading time\" \/>\n\t<meta name=\"twitter:data2\" content=\"1 minute\" \/>\n<script type=\"application\/ld+json\" class=\"yoast-schema-graph\">{\"@context\":\"https:\\\/\\\/schema.org\",\"@graph\":[{\"@type\":\"Article\",\"@id\":\"https:\\\/\\\/www.engagement.fr\\\/des-laureates-echangent-sur-lecologie-dans-le-dernier-podcast-dasmaou-laureate-de-linstitut\\\/#article\",\"isPartOf\":{\"@id\":\"https:\\\/\\\/www.engagement.fr\\\/des-laureates-echangent-sur-lecologie-dans-le-dernier-podcast-dasmaou-laureate-de-linstitut\\\/\"},\"author\":{\"name\":\"C\u00e9cile Torrent\",\"@id\":\"https:\\\/\\\/www.engagement.fr\\\/#\\\/schema\\\/person\\\/3dba0becc5aaeefec7fef141f0459ac3\"},\"headline\":\"Des laur\u00e9ates \u00e9changent sur l&rsquo;\u00e9cologie dans le dernier podcast d&rsquo;Asmaou, laur\u00e9ate de l&rsquo;Institut\",\"datePublished\":\"2026-03-06T16:34:41+00:00\",\"dateModified\":\"2026-03-06T16:43:04+00:00\",\"mainEntityOfPage\":{\"@id\":\"https:\\\/\\\/www.engagement.fr\\\/des-laureates-echangent-sur-lecologie-dans-le-dernier-podcast-dasmaou-laureate-de-linstitut\\\/\"},\"wordCount\":133,\"commentCount\":0,\"publisher\":{\"@id\":\"https:\\\/\\\/www.engagement.fr\\\/#organization\"},\"image\":{\"@id\":\"https:\\\/\\\/www.engagement.fr\\\/des-laureates-echangent-sur-lecologie-dans-le-dernier-podcast-dasmaou-laureate-de-linstitut\\\/#primaryimage\"},\"thumbnailUrl\":\"https:\\\/\\\/www.engagement.fr\\\/wp-content\\\/uploads\\\/2026\\\/03\\\/Gabarit-actus-site-internet_Podcast-Asmaou.png\",\"articleSection\":[\"Uncategorized\"],\"inLanguage\":\"en-GB\",\"potentialAction\":[{\"@type\":\"CommentAction\",\"name\":\"Comment\",\"target\":[\"https:\\\/\\\/www.engagement.fr\\\/des-laureates-echangent-sur-lecologie-dans-le-dernier-podcast-dasmaou-laureate-de-linstitut\\\/#respond\"]}]},{\"@type\":\"WebPage\",\"@id\":\"https:\\\/\\\/www.engagement.fr\\\/des-laureates-echangent-sur-lecologie-dans-le-dernier-podcast-dasmaou-laureate-de-linstitut\\\/\",\"url\":\"https:\\\/\\\/www.engagement.fr\\\/des-laureates-echangent-sur-lecologie-dans-le-dernier-podcast-dasmaou-laureate-de-linstitut\\\/\",\"name\":\"Des laur\u00e9ates \u00e9changent sur l'\u00e9cologie dans le dernier podcast d'Asmaou, laur\u00e9ate de l'Institut - Institut de l&#039;Engagement\",\"isPartOf\":{\"@id\":\"https:\\\/\\\/www.engagement.fr\\\/#website\"},\"primaryImageOfPage\":{\"@id\":\"https:\\\/\\\/www.engagement.fr\\\/des-laureates-echangent-sur-lecologie-dans-le-dernier-podcast-dasmaou-laureate-de-linstitut\\\/#primaryimage\"},\"image\":{\"@id\":\"https:\\\/\\\/www.engagement.fr\\\/des-laureates-echangent-sur-lecologie-dans-le-dernier-podcast-dasmaou-laureate-de-linstitut\\\/#primaryimage\"},\"thumbnailUrl\":\"https:\\\/\\\/www.engagement.fr\\\/wp-content\\\/uploads\\\/2026\\\/03\\\/Gabarit-actus-site-internet_Podcast-Asmaou.png\",\"datePublished\":\"2026-03-06T16:34:41+00:00\",\"dateModified\":\"2026-03-06T16:43:04+00:00\",\"breadcrumb\":{\"@id\":\"https:\\\/\\\/www.engagement.fr\\\/des-laureates-echangent-sur-lecologie-dans-le-dernier-podcast-dasmaou-laureate-de-linstitut\\\/#breadcrumb\"},\"inLanguage\":\"en-GB\",\"potentialAction\":[{\"@type\":\"ReadAction\",\"target\":[\"https:\\\/\\\/www.engagement.fr\\\/des-laureates-echangent-sur-lecologie-dans-le-dernier-podcast-dasmaou-laureate-de-linstitut\\\/\"]}]},{\"@type\":\"ImageObject\",\"inLanguage\":\"en-GB\",\"@id\":\"https:\\\/\\\/www.engagement.fr\\\/des-laureates-echangent-sur-lecologie-dans-le-dernier-podcast-dasmaou-laureate-de-linstitut\\\/#primaryimage\",\"url\":\"https:\\\/\\\/www.engagement.fr\\\/wp-content\\\/uploads\\\/2026\\\/03\\\/Gabarit-actus-site-internet_Podcast-Asmaou.png\",\"contentUrl\":\"https:\\\/\\\/www.engagement.fr\\\/wp-content\\\/uploads\\\/2026\\\/03\\\/Gabarit-actus-site-internet_Podcast-Asmaou.png\",\"width\":1000,\"height\":600},{\"@type\":\"BreadcrumbList\",\"@id\":\"https:\\\/\\\/www.engagement.fr\\\/des-laureates-echangent-sur-lecologie-dans-le-dernier-podcast-dasmaou-laureate-de-linstitut\\\/#breadcrumb\",\"itemListElement\":[{\"@type\":\"ListItem\",\"position\":1,\"name\":\"Accueil\",\"item\":\"https:\\\/\\\/www.engagement.fr\\\/\"},{\"@type\":\"ListItem\",\"position\":2,\"name\":\"Des laur\u00e9ates \u00e9changent sur l&rsquo;\u00e9cologie dans le dernier podcast d&rsquo;Asmaou, laur\u00e9ate de l&rsquo;Institut\"}]},{\"@type\":\"WebSite\",\"@id\":\"https:\\\/\\\/www.engagement.fr\\\/#website\",\"url\":\"https:\\\/\\\/www.engagement.fr\\\/\",\"name\":\"Institut de l'Engagement\",\"description\":\"\",\"publisher\":{\"@id\":\"https:\\\/\\\/www.engagement.fr\\\/#organization\"},\"potentialAction\":[{\"@type\":\"SearchAction\",\"target\":{\"@type\":\"EntryPoint\",\"urlTemplate\":\"https:\\\/\\\/www.engagement.fr\\\/?s={search_term_string}\"},\"query-input\":{\"@type\":\"PropertyValueSpecification\",\"valueRequired\":true,\"valueName\":\"search_term_string\"}}],\"inLanguage\":\"en-GB\"},{\"@type\":\"Organization\",\"@id\":\"https:\\\/\\\/www.engagement.fr\\\/#organization\",\"name\":\"Institut de l'Engagement\",\"url\":\"https:\\\/\\\/www.engagement.fr\\\/\",\"logo\":{\"@type\":\"ImageObject\",\"inLanguage\":\"en-GB\",\"@id\":\"https:\\\/\\\/www.engagement.fr\\\/#\\\/schema\\\/logo\\\/image\\\/\",\"url\":\"https:\\\/\\\/www.engagement.fr\\\/wp-content\\\/uploads\\\/2024\\\/06\\\/Institut-de-lEngagement-Principal-Horizontal.png\",\"contentUrl\":\"https:\\\/\\\/www.engagement.fr\\\/wp-content\\\/uploads\\\/2024\\\/06\\\/Institut-de-lEngagement-Principal-Horizontal.png\",\"width\":3066,\"height\":646,\"caption\":\"Institut de l'Engagement\"},\"image\":{\"@id\":\"https:\\\/\\\/www.engagement.fr\\\/#\\\/schema\\\/logo\\\/image\\\/\"},\"sameAs\":[\"https:\\\/\\\/www.facebook.com\\\/Institut.Engagement\",\"https:\\\/\\\/x.com\\\/i_engagement\"]},{\"@type\":\"Person\",\"@id\":\"https:\\\/\\\/www.engagement.fr\\\/#\\\/schema\\\/person\\\/3dba0becc5aaeefec7fef141f0459ac3\",\"name\":\"C\u00e9cile Torrent\",\"image\":{\"@type\":\"ImageObject\",\"inLanguage\":\"en-GB\",\"@id\":\"https:\\\/\\\/secure.gravatar.com\\\/avatar\\\/840b24c18ea6041af984d3563e207a432ee596987f723896a5b1b34f3e599023?s=96&d=mm&r=g\",\"url\":\"https:\\\/\\\/secure.gravatar.com\\\/avatar\\\/840b24c18ea6041af984d3563e207a432ee596987f723896a5b1b34f3e599023?s=96&d=mm&r=g\",\"contentUrl\":\"https:\\\/\\\/secure.gravatar.com\\\/avatar\\\/840b24c18ea6041af984d3563e207a432ee596987f723896a5b1b34f3e599023?s=96&d=mm&r=g\",\"caption\":\"C\u00e9cile Torrent\"},\"url\":\"https:\\\/\\\/www.engagement.fr\\\/en\\\/author\\\/cecile-torrent\\\/\"}]}<\/script>\n<!-- \/ Yoast SEO plugin. -->","yoast_head_json":{"title":"Winners discuss ecology in the latest podcast by Asmaou, an Institut de l'Engagement laureate.","robots":{"index":"index","follow":"follow","max-snippet":"max-snippet:-1","max-image-preview":"max-image-preview:large","max-video-preview":"max-video-preview:-1"},"canonical":"https:\/\/www.engagement.fr\/en\/laureates-discuss-ecology-in-the-latest-podcast-from-the-institutes-laureate-dasmaou\/","og_locale":"en_GB","og_type":"article","og_title":"Des laur\u00e9ates \u00e9changent sur l'\u00e9cologie dans le dernier podcast d'Asmaou, laur\u00e9ate de l'Institut - Institut de l&#039;Engagement","og_description":"\u00c0 l\u2019occasion de la derni\u00e8re Universit\u00e9 de l\u2019Engagement, Asmaou Borges, laur\u00e9ate de printemps 2025, a enregistr\u00e9 un nouvel \u00e9pisode de son podcast En sc\u00e8ne, sur le th\u00e8me : \u00ab Peut-on parler d'\u00e9cologie sans \u00eatre expert ? \u00bb.","og_url":"https:\/\/www.engagement.fr\/en\/laureates-discuss-ecology-in-the-latest-podcast-from-the-institutes-laureate-dasmaou\/","og_site_name":"Institut de l&#039;Engagement","article_publisher":"https:\/\/www.facebook.com\/Institut.Engagement","article_published_time":"2026-03-06T16:34:41+00:00","article_modified_time":"2026-03-06T16:43:04+00:00","og_image":[{"width":1000,"height":600,"url":"https:\/\/www.engagement.fr\/wp-content\/uploads\/2026\/03\/Gabarit-actus-site-internet_Podcast-Asmaou.png","type":"image\/png"}],"author":"C\u00e9cile Torrent","twitter_card":"summary_large_image","twitter_creator":"@i_engagement","twitter_site":"@i_engagement","twitter_misc":{"Written by":"C\u00e9cile Torrent","Estimated reading time":"1 minute"},"schema":{"@context":"https:\/\/schema.org","@graph":[{"@type":"Article","@id":"https:\/\/www.engagement.fr\/des-laureates-echangent-sur-lecologie-dans-le-dernier-podcast-dasmaou-laureate-de-linstitut\/#article","isPartOf":{"@id":"https:\/\/www.engagement.fr\/des-laureates-echangent-sur-lecologie-dans-le-dernier-podcast-dasmaou-laureate-de-linstitut\/"},"author":{"name":"C\u00e9cile Torrent","@id":"https:\/\/www.engagement.fr\/#\/schema\/person\/3dba0becc5aaeefec7fef141f0459ac3"},"headline":"Des laur\u00e9ates \u00e9changent sur l&rsquo;\u00e9cologie dans le dernier podcast d&rsquo;Asmaou, laur\u00e9ate de l&rsquo;Institut","datePublished":"2026-03-06T16:34:41+00:00","dateModified":"2026-03-06T16:43:04+00:00","mainEntityOfPage":{"@id":"https:\/\/www.engagement.fr\/des-laureates-echangent-sur-lecologie-dans-le-dernier-podcast-dasmaou-laureate-de-linstitut\/"},"wordCount":133,"commentCount":0,"publisher":{"@id":"https:\/\/www.engagement.fr\/#organization"},"image":{"@id":"https:\/\/www.engagement.fr\/des-laureates-echangent-sur-lecologie-dans-le-dernier-podcast-dasmaou-laureate-de-linstitut\/#primaryimage"},"thumbnailUrl":"https:\/\/www.engagement.fr\/wp-content\/uploads\/2026\/03\/Gabarit-actus-site-internet_Podcast-Asmaou.png","articleSection":["Uncategorized"],"inLanguage":"en-GB","potentialAction":[{"@type":"CommentAction","name":"Comment","target":["https:\/\/www.engagement.fr\/des-laureates-echangent-sur-lecologie-dans-le-dernier-podcast-dasmaou-laureate-de-linstitut\/#respond"]}]},{"@type":"WebPage","@id":"https:\/\/www.engagement.fr\/des-laureates-echangent-sur-lecologie-dans-le-dernier-podcast-dasmaou-laureate-de-linstitut\/","url":"https:\/\/www.engagement.fr\/des-laureates-echangent-sur-lecologie-dans-le-dernier-podcast-dasmaou-laureate-de-linstitut\/","name":"Winners discuss ecology in the latest podcast by Asmaou, an Institut de l'Engagement laureate.","isPartOf":{"@id":"https:\/\/www.engagement.fr\/#website"},"primaryImageOfPage":{"@id":"https:\/\/www.engagement.fr\/des-laureates-echangent-sur-lecologie-dans-le-dernier-podcast-dasmaou-laureate-de-linstitut\/#primaryimage"},"image":{"@id":"https:\/\/www.engagement.fr\/des-laureates-echangent-sur-lecologie-dans-le-dernier-podcast-dasmaou-laureate-de-linstitut\/#primaryimage"},"thumbnailUrl":"https:\/\/www.engagement.fr\/wp-content\/uploads\/2026\/03\/Gabarit-actus-site-internet_Podcast-Asmaou.png","datePublished":"2026-03-06T16:34:41+00:00","dateModified":"2026-03-06T16:43:04+00:00","breadcrumb":{"@id":"https:\/\/www.engagement.fr\/des-laureates-echangent-sur-lecologie-dans-le-dernier-podcast-dasmaou-laureate-de-linstitut\/#breadcrumb"},"inLanguage":"en-GB","potentialAction":[{"@type":"ReadAction","target":["https:\/\/www.engagement.fr\/des-laureates-echangent-sur-lecologie-dans-le-dernier-podcast-dasmaou-laureate-de-linstitut\/"]}]},{"@type":"ImageObject","inLanguage":"en-GB","@id":"https:\/\/www.engagement.fr\/des-laureates-echangent-sur-lecologie-dans-le-dernier-podcast-dasmaou-laureate-de-linstitut\/#primaryimage","url":"https:\/\/www.engagement.fr\/wp-content\/uploads\/2026\/03\/Gabarit-actus-site-internet_Podcast-Asmaou.png","contentUrl":"https:\/\/www.engagement.fr\/wp-content\/uploads\/2026\/03\/Gabarit-actus-site-internet_Podcast-Asmaou.png","width":1000,"height":600},{"@type":"BreadcrumbList","@id":"https:\/\/www.engagement.fr\/des-laureates-echangent-sur-lecologie-dans-le-dernier-podcast-dasmaou-laureate-de-linstitut\/#breadcrumb","itemListElement":[{"@type":"ListItem","position":1,"name":"Accueil","item":"https:\/\/www.engagement.fr\/"},{"@type":"ListItem","position":2,"name":"Des laur\u00e9ates \u00e9changent sur l&rsquo;\u00e9cologie dans le dernier podcast d&rsquo;Asmaou, laur\u00e9ate de l&rsquo;Institut"}]},{"@type":"WebSite","@id":"https:\/\/www.engagement.fr\/#website","url":"https:\/\/www.engagement.fr\/","name":"Institute of Commitment","description":"","publisher":{"@id":"https:\/\/www.engagement.fr\/#organization"},"potentialAction":[{"@type":"SearchAction","target":{"@type":"EntryPoint","urlTemplate":"https:\/\/www.engagement.fr\/?s={search_term_string}"},"query-input":{"@type":"PropertyValueSpecification","valueRequired":true,"valueName":"search_term_string"}}],"inLanguage":"en-GB"},{"@type":"Organization","@id":"https:\/\/www.engagement.fr\/#organization","name":"Institute of Commitment","url":"https:\/\/www.engagement.fr\/","logo":{"@type":"ImageObject","inLanguage":"en-GB","@id":"https:\/\/www.engagement.fr\/#\/schema\/logo\/image\/","url":"https:\/\/www.engagement.fr\/wp-content\/uploads\/2024\/06\/Institut-de-lEngagement-Principal-Horizontal.png","contentUrl":"https:\/\/www.engagement.fr\/wp-content\/uploads\/2024\/06\/Institut-de-lEngagement-Principal-Horizontal.png","width":3066,"height":646,"caption":"Institut de l'Engagement"},"image":{"@id":"https:\/\/www.engagement.fr\/#\/schema\/logo\/image\/"},"sameAs":["https:\/\/www.facebook.com\/Institut.Engagement","https:\/\/x.com\/i_engagement"]},{"@type":"Person","@id":"https:\/\/www.engagement.fr\/#\/schema\/person\/3dba0becc5aaeefec7fef141f0459ac3","name":"C\u00e9cile Torrent","image":{"@type":"ImageObject","inLanguage":"en-GB","@id":"https:\/\/secure.gravatar.com\/avatar\/840b24c18ea6041af984d3563e207a432ee596987f723896a5b1b34f3e599023?s=96&d=mm&r=g","url":"https:\/\/secure.gravatar.com\/avatar\/840b24c18ea6041af984d3563e207a432ee596987f723896a5b1b34f3e599023?s=96&d=mm&r=g","contentUrl":"https:\/\/secure.gravatar.com\/avatar\/840b24c18ea6041af984d3563e207a432ee596987f723896a5b1b34f3e599023?s=96&d=mm&r=g","caption":"C\u00e9cile Torrent"},"url":"https:\/\/www.engagement.fr\/en\/author\/cecile-torrent\/"}]}},"_links":{"self":[{"href":"https:\/\/www.engagement.fr\/en\/wp-json\/wp\/v2\/posts\/16598","targetHints":{"allow":["GET"]}}],"collection":[{"href":"https:\/\/www.engagement.fr\/en\/wp-json\/wp\/v2\/posts"}],"about":[{"href":"https:\/\/www.engagement.fr\/en\/wp-json\/wp\/v2\/types\/post"}],"author":[{"embeddable":true,"href":"https:\/\/www.engagement.fr\/en\/wp-json\/wp\/v2\/users\/3"}],"replies":[{"embeddable":true,"href":"https:\/\/www.engagement.fr\/en\/wp-json\/wp\/v2\/comments?post=16598"}],"version-history":[{"count":10,"href":"https:\/\/www.engagement.fr\/en\/wp-json\/wp\/v2\/posts\/16598\/revisions"}],"predecessor-version":[{"id":16612,"href":"https:\/\/www.engagement.fr\/en\/wp-json\/wp\/v2\/posts\/16598\/revisions\/16612"}],"wp:featuredmedia":[{"embeddable":true,"href":"https:\/\/www.engagement.fr\/en\/wp-json\/wp\/v2\/media\/16600"}],"wp:attachment":[{"href":"https:\/\/www.engagement.fr\/en\/wp-json\/wp\/v2\/media?parent=16598"}],"wp:term":[{"taxonomy":"category","embeddable":true,"href":"https:\/\/www.engagement.fr\/en\/wp-json\/wp\/v2\/categories?post=16598"},{"taxonomy":"post_tag","embeddable":true,"href":"https:\/\/www.engagement.fr\/en\/wp-json\/wp\/v2\/tags?post=16598"}],"curies":[{"name":"wp","href":"https:\/\/api.w.org\/{rel}","templated":true}]}}