{"id":16339,"date":"2026-02-02T17:51:59","date_gmt":"2026-02-02T17:51:59","guid":{"rendered":"https:\/\/www.engagement.fr\/?p=16339"},"modified":"2026-02-17T11:06:48","modified_gmt":"2026-02-17T11:06:48","slug":"discover-the-list-of-candidates-eligible-for-the-interview-stage-of-the-laureates-programme-for-the-spring-2026-session","status":"publish","type":"post","link":"https:\/\/www.engagement.fr\/en\/decouvrez-la-liste-des-candidats-admissibles-a-loral-du-programme-laureats-pour-la-session-de-printemps-2026\/","title":{"rendered":"Discover the list of candidates eligible for the oral interview for the \u00abLaureates\u00bb programme for the Spring 2026 session."},"content":{"rendered":"<div data-elementor-type=\"wp-post\" data-elementor-id=\"16339\" class=\"elementor elementor-16339\" data-elementor-post-type=\"post\">\n\t\t\t\t<div class=\"elementor-element elementor-element-569b0a3 e-con-full e-flex e-con e-parent\" data-id=\"569b0a3\" data-element_type=\"container\" data-e-type=\"container\" data-settings=\"{&quot;background_background&quot;:&quot;classic&quot;,&quot;background_motion_fx_motion_fx_mouse&quot;:&quot;yes&quot;,&quot;background_motion_fx_mouseTrack_effect&quot;:&quot;yes&quot;,&quot;background_motion_fx_mouseTrack_speed&quot;:{&quot;unit&quot;:&quot;px&quot;,&quot;size&quot;:1,&quot;sizes&quot;:[]}}\">\n\t\t<div class=\"elementor-element elementor-element-64616b5 e-flex e-con-boxed e-con e-child\" data-id=\"64616b5\" data-element_type=\"container\" data-e-type=\"container\" data-settings=\"{&quot;background_background&quot;:&quot;classic&quot;}\">\n\t\t\t\t\t<div class=\"e-con-inner\">\n\t\t<div class=\"elementor-element elementor-element-c38a6a3 e-con-full e-flex e-con e-child\" data-id=\"c38a6a3\" data-element_type=\"container\" data-e-type=\"container\">\n\t\t\t\t<div class=\"elementor-element elementor-element-211f1f6 elementor-invisible elementor-widget elementor-widget-text-editor\" data-id=\"211f1f6\" data-element_type=\"widget\" data-e-type=\"widget\" data-settings=\"{&quot;_animation&quot;:&quot;fadeIn&quot;,&quot;_animation_delay&quot;:500}\" data-widget_type=\"text-editor.default\">\n\t\t\t\t<div class=\"elementor-widget-container\">\n\t\t\t\t\t\t\t\t\t2 February 2026\t\t\t\t\t\t\t\t<\/div>\n\t\t\t\t<\/div>\n\t\t\t\t<div class=\"elementor-element elementor-element-fc5633f elementor-widget-divider--view-line elementor-invisible elementor-widget elementor-widget-divider\" data-id=\"fc5633f\" data-element_type=\"widget\" data-e-type=\"widget\" data-settings=\"{&quot;_animation&quot;:&quot;fadeInUp&quot;}\" data-widget_type=\"divider.default\">\n\t\t\t\t<div class=\"elementor-widget-container\">\n\t\t\t\t\t\t\t<div class=\"elementor-divider\">\n\t\t\t<span class=\"elementor-divider-separator\">\n\t\t\t\t\t\t<\/span>\n\t\t<\/div>\n\t\t\t\t\t\t<\/div>\n\t\t\t\t<\/div>\n\t\t<div class=\"elementor-element elementor-element-6a2c7aa e-flex e-con-boxed e-con e-child\" data-id=\"6a2c7aa\" data-element_type=\"container\" data-e-type=\"container\">\n\t\t\t\t\t<div class=\"e-con-inner\">\n\t\t\t\t<div class=\"elementor-element elementor-element-7cc2c5f elementor-widget elementor-widget-image\" data-id=\"7cc2c5f\" data-element_type=\"widget\" data-e-type=\"widget\" data-widget_type=\"image.default\">\n\t\t\t\t<div class=\"elementor-widget-container\">\n\t\t\t\t\t\t\t\t\t\t\t\t\t\t\t<img decoding=\"async\" width=\"300\" height=\"139\" src=\"https:\/\/www.engagement.fr\/wp-content\/uploads\/2024\/03\/Logo-Programme-Laureats-300x139.png\" class=\"attachment-medium size-medium wp-image-2486\" alt=\"\" srcset=\"https:\/\/www.engagement.fr\/wp-content\/uploads\/2024\/03\/Logo-Programme-Laureats-300x139.png 300w, https:\/\/www.engagement.fr\/wp-content\/uploads\/2024\/03\/Logo-Programme-Laureats-768x355.png 768w, https:\/\/www.engagement.fr\/wp-content\/uploads\/2024\/03\/Logo-Programme-Laureats.png 1000w\" sizes=\"(max-width: 300px) 100vw, 300px\" \/>\t\t\t\t\t\t\t\t\t\t\t\t\t\t\t<\/div>\n\t\t\t\t<\/div>\n\t\t\t\t\t<\/div>\n\t\t\t\t<\/div>\n\t\t\t\t<div class=\"elementor-element elementor-element-c783a2c elementor-invisible elementor-widget elementor-widget-heading\" data-id=\"c783a2c\" data-element_type=\"widget\" data-e-type=\"widget\" data-settings=\"{&quot;_animation&quot;:&quot;fadeInUp&quot;}\" data-widget_type=\"heading.default\">\n\t\t\t\t<div class=\"elementor-widget-container\">\n\t\t\t\t\t<h1 class=\"elementor-heading-title elementor-size-default\">Discover the list of candidates eligible for the spring 2026 oral examination.<\/h1>\t\t\t\t<\/div>\n\t\t\t\t<\/div>\n\t\t\t\t<div class=\"elementor-element elementor-element-8ee00c1 elementor-align-center elementor-invisible elementor-widget elementor-widget-lottie\" data-id=\"8ee00c1\" data-element_type=\"widget\" data-e-type=\"widget\" data-settings=\"{&quot;source_json&quot;:{&quot;url&quot;:&quot;https:\\\/\\\/www.engagement.fr\\\/wp-content\\\/uploads\\\/2024\\\/03\\\/2810-arrow-down.json&quot;,&quot;id&quot;:1401,&quot;size&quot;:&quot;&quot;,&quot;alt&quot;:&quot;&quot;,&quot;source&quot;:&quot;library&quot;},&quot;loop&quot;:&quot;yes&quot;,&quot;_animation&quot;:&quot;fadeIn&quot;,&quot;_animation_delay&quot;:600,&quot;source&quot;:&quot;media_file&quot;,&quot;caption_source&quot;:&quot;none&quot;,&quot;link_to&quot;:&quot;none&quot;,&quot;trigger&quot;:&quot;arriving_to_viewport&quot;,&quot;viewport&quot;:{&quot;unit&quot;:&quot;%&quot;,&quot;size&quot;:&quot;&quot;,&quot;sizes&quot;:{&quot;start&quot;:0,&quot;end&quot;:100}},&quot;play_speed&quot;:{&quot;unit&quot;:&quot;px&quot;,&quot;size&quot;:1,&quot;sizes&quot;:[]},&quot;start_point&quot;:{&quot;unit&quot;:&quot;%&quot;,&quot;size&quot;:0,&quot;sizes&quot;:[]},&quot;end_point&quot;:{&quot;unit&quot;:&quot;%&quot;,&quot;size&quot;:100,&quot;sizes&quot;:[]},&quot;renderer&quot;:&quot;svg&quot;}\" data-widget_type=\"lottie.default\">\n\t\t\t\t<div class=\"elementor-widget-container\">\n\t\t\t\t\t<div class=\"e-lottie__container\"><div class=\"e-lottie__animation\"><\/div><\/div>\t\t\t\t<\/div>\n\t\t\t\t<\/div>\n\t\t\t\t<\/div>\n\t\t\t\t\t<\/div>\n\t\t\t\t<\/div>\n\t\t\t\t<\/div>\n\t\t<div class=\"elementor-element elementor-element-e8ab51a e-flex e-con-boxed e-con e-parent\" data-id=\"e8ab51a\" data-element_type=\"container\" data-e-type=\"container\" data-settings=\"{&quot;background_background&quot;:&quot;classic&quot;}\">\n\t\t\t\t\t<div class=\"e-con-inner\">\n\t\t\t\t<div class=\"elementor-element elementor-element-50317e3 elementor-widget elementor-widget-text-editor\" data-id=\"50317e3\" data-element_type=\"widget\" data-e-type=\"widget\" data-widget_type=\"text-editor.default\">\n\t\t\t\t<div class=\"elementor-widget-container\">\n\t\t\t\t\t\t\t\t\t<p dir=\"ltr\">The admissions committee has finalised the list of candidates eligible for the oral interviews for the Spring 2026 session of the Institut de l\u2019Engagement's \u00abLaureates\u00bb programme.<\/p><p dir=\"ltr\">The candidates listed below will be invited for interview:<\/p>\t\t\t\t\t\t\t\t<\/div>\n\t\t\t\t<\/div>\n\t\t\t\t<div class=\"elementor-element elementor-element-5f939ac elementor-align-center elementor-widget elementor-widget-button\" data-id=\"5f939ac\" data-element_type=\"widget\" data-e-type=\"widget\" data-widget_type=\"button.default\">\n\t\t\t\t<div class=\"elementor-widget-container\">\n\t\t\t\t\t\t\t\t\t<div class=\"elementor-button-wrapper\">\n\t\t\t\t\t<a class=\"elementor-button elementor-button-link elementor-size-sm\" href=\"https:\/\/www.engagement.fr\/wp-content\/uploads\/2026\/02\/Liste-des-candidats-admissibles-de-la-session-de-printemps-2026.pdf\" target=\"_blank\">\n\t\t\t\t\t\t<span class=\"elementor-button-content-wrapper\">\n\t\t\t\t\t\t\t\t\t<span class=\"elementor-button-text\">Candidates eligible for the oral<\/span>\n\t\t\t\t\t<\/span>\n\t\t\t\t\t<\/a>\n\t\t\t\t<\/div>\n\t\t\t\t\t\t\t\t<\/div>\n\t\t\t\t<\/div>\n\t\t\t\t<div class=\"elementor-element elementor-element-ca89c47 elementor-widget elementor-widget-text-editor\" data-id=\"ca89c47\" data-element_type=\"widget\" data-e-type=\"widget\" data-widget_type=\"text-editor.default\">\n\t\t\t\t<div class=\"elementor-widget-container\">\n\t\t\t\t\t\t\t\t\t<p dir=\"ltr\">All information necessary for organising and registering for the juries will be communicated by email from February 3rd.<br \/>Candidates who do not receive an email by 4 February inviting them to register for the oral examinations are invited to make themselves known by sending an email to the Institut de l\u2019Engagement: institut@engagement.fr<\/p>\t\t\t\t\t\t\t\t<\/div>\n\t\t\t\t<\/div>\n\t\t\t\t<div class=\"elementor-element elementor-element-6ad0f36 elementor-widget elementor-widget-image\" data-id=\"6ad0f36\" data-element_type=\"widget\" data-e-type=\"widget\" data-widget_type=\"image.default\">\n\t\t\t\t<div class=\"elementor-widget-container\">\n\t\t\t\t\t\t\t\t\t\t\t\t\t\t\t<img fetchpriority=\"high\" decoding=\"async\" width=\"1000\" height=\"600\" src=\"https:\/\/www.engagement.fr\/wp-content\/uploads\/2026\/02\/Annonce-admissibles-2026-1.png\" class=\"attachment-full size-full wp-image-16345\" alt=\"\" srcset=\"https:\/\/www.engagement.fr\/wp-content\/uploads\/2026\/02\/Annonce-admissibles-2026-1.png 1000w, https:\/\/www.engagement.fr\/wp-content\/uploads\/2026\/02\/Annonce-admissibles-2026-1-300x180.png 300w, https:\/\/www.engagement.fr\/wp-content\/uploads\/2026\/02\/Annonce-admissibles-2026-1-768x461.png 768w, https:\/\/www.engagement.fr\/wp-content\/uploads\/2026\/02\/Annonce-admissibles-2026-1-18x12.png 18w\" sizes=\"(max-width: 1000px) 100vw, 1000px\" \/>\t\t\t\t\t\t\t\t\t\t\t\t\t\t\t<\/div>\n\t\t\t\t<\/div>\n\t\t\t\t\t<\/div>\n\t\t\t\t<\/div>\n\t\t<div class=\"elementor-element elementor-element-a054bb3 e-con-full e-flex e-con e-parent\" data-id=\"a054bb3\" data-element_type=\"container\" data-e-type=\"container\">\n\t\t\t\t<div class=\"elementor-element elementor-element-89d3b5c elementor-post-navigation-borders-yes elementor-widget elementor-widget-post-navigation\" data-id=\"89d3b5c\" data-element_type=\"widget\" data-e-type=\"widget\" data-widget_type=\"post-navigation.default\">\n\t\t\t\t<div class=\"elementor-widget-container\">\n\t\t\t\t\t\t\t<div class=\"elementor-post-navigation\" role=\"navigation\" aria-label=\"Post Navigation\">\n\t\t\t<div class=\"elementor-post-navigation__prev elementor-post-navigation__link\">\n\t\t\t\t<a href=\"https:\/\/www.engagement.fr\/en\/decouvrez-les-conferences-de-luniversite-et-du-campus-de-lengagement-dhiver-2026\/\" rel=\"prev\"><span class=\"post-navigation__arrow-wrapper post-navigation__arrow-prev\"><svg aria-hidden=\"true\" class=\"e-font-icon-svg e-fas-angle-left\" viewbox=\"0 0 256 512\" xmlns=\"http:\/\/www.w3.org\/2000\/svg\"><path d=\"M31.7 239l136-136c9.4-9.4 24.6-9.4 33.9 0l22.6 22.6c9.4 9.4 9.4 24.6 0 33.9L127.9 256l96.4 96.4c9.4 9.4 9.4 24.6 0 33.9L201.7 409c-9.4 9.4-24.6 9.4-33.9 0l-136-136c-9.5-9.4-9.5-24.6-.1-34z\"><\/path><\/svg><span class=\"elementor-screen-only\">Previous<\/span><\/span><span class=\"elementor-post-navigation__link__prev\"><span class=\"post-navigation__prev--label\">Previous<\/span><span class=\"post-navigation__prev--title\">Discover the University and Campus of Engagement Winter 2026 conferences<\/span><\/span><\/a>\t\t\t<\/div>\n\t\t\t\t\t\t\t<div class=\"elementor-post-navigation__separator-wrapper\">\n\t\t\t\t\t<div class=\"elementor-post-navigation__separator\"><\/div>\n\t\t\t\t<\/div>\n\t\t\t\t\t\t<div class=\"elementor-post-navigation__next elementor-post-navigation__link\">\n\t\t\t\t<a href=\"https:\/\/www.engagement.fr\/en\/temoignage-sandrine-labielle-initiation-premiers-secours-de-la-planete\/\" rel=\"next\"><span class=\"elementor-post-navigation__link__next\"><span class=\"post-navigation__next--label\">Next<\/span><span class=\"post-navigation__next--title\">\u00abThis path makes the need to act concrete.\u00bb<\/span><\/span><span class=\"post-navigation__arrow-wrapper post-navigation__arrow-next\"><svg aria-hidden=\"true\" class=\"e-font-icon-svg e-fas-angle-right\" viewbox=\"0 0 256 512\" xmlns=\"http:\/\/www.w3.org\/2000\/svg\"><path d=\"M224.3 273l-136 136c-9.4 9.4-24.6 9.4-33.9 0l-22.6-22.6c-9.4-9.4-9.4-24.6 0-33.9l96.4-96.4-96.4-96.4c-9.4-9.4-9.4-24.6 0-33.9L54.3 103c9.4-9.4 24.6-9.4 33.9 0l136 136c9.5 9.4 9.5 24.6.1 34z\"><\/path><\/svg><span class=\"elementor-screen-only\">Next<\/span><\/span><\/a>\t\t\t<\/div>\n\t\t<\/div>\n\t\t\t\t\t\t<\/div>\n\t\t\t\t<\/div>\n\t\t\t\t<\/div>\n\t\t\t\t<\/div>","protected":false},"excerpt":{"rendered":"<p>The list of candidates eligible for the oral examination for the \u00abLaureates\u00bb programme for the Spring 2026 session is online.<\/p>","protected":false},"author":3,"featured_media":16345,"comment_status":"open","ping_status":"open","sticky":false,"template":"elementor_header_footer","format":"standard","meta":{"footnotes":""},"categories":[1],"tags":[],"class_list":["post-16339","post","type-post","status-publish","format-standard","has-post-thumbnail","hentry","category-uncategorized"],"yoast_head":"<!-- This site is optimized with the Yoast SEO plugin v27.5 - https:\/\/yoast.com\/product\/yoast-seo-wordpress\/ -->\n<title>D\u00e9couvrez la liste des candidats admissibles \u00e0 l&#039;oral du programme &quot;laur\u00e9ats&quot; pour la session de printemps 2026 - Institut de l&#039;Engagement<\/title>\n<meta name=\"robots\" content=\"index, follow, max-snippet:-1, max-image-preview:large, max-video-preview:-1\" \/>\n<link rel=\"canonical\" href=\"https:\/\/www.engagement.fr\/en\/discover-the-list-of-candidates-eligible-for-the-interview-stage-of-the-laureates-programme-for-the-spring-2026-session\/\" \/>\n<meta property=\"og:locale\" content=\"en_GB\" \/>\n<meta property=\"og:type\" content=\"article\" \/>\n<meta property=\"og:title\" content=\"D\u00e9couvrez la liste des candidats admissibles \u00e0 l&#039;oral du programme &quot;laur\u00e9ats&quot; pour la session de printemps 2026 - Institut de l&#039;Engagement\" \/>\n<meta property=\"og:description\" content=\"La liste des candidats admissibles \u00e0 l&#039;oral du programme &quot;laur\u00e9ats&quot; pour la session de printemps 2026 est en ligne.\" \/>\n<meta property=\"og:url\" content=\"https:\/\/www.engagement.fr\/en\/discover-the-list-of-candidates-eligible-for-the-interview-stage-of-the-laureates-programme-for-the-spring-2026-session\/\" \/>\n<meta property=\"og:site_name\" content=\"Institut de l&#039;Engagement\" \/>\n<meta property=\"article:publisher\" content=\"https:\/\/www.facebook.com\/Institut.Engagement\" \/>\n<meta property=\"article:published_time\" content=\"2026-02-02T17:51:59+00:00\" \/>\n<meta property=\"article:modified_time\" content=\"2026-02-17T11:06:48+00:00\" \/>\n<meta property=\"og:image\" content=\"https:\/\/www.engagement.fr\/wp-content\/uploads\/2026\/02\/Annonce-admissibles-2026-1.png\" \/>\n\t<meta property=\"og:image:width\" content=\"1000\" \/>\n\t<meta property=\"og:image:height\" content=\"600\" \/>\n\t<meta property=\"og:image:type\" content=\"image\/png\" \/>\n<meta name=\"author\" content=\"C\u00e9cile Torrent\" \/>\n<meta name=\"twitter:card\" content=\"summary_large_image\" \/>\n<meta name=\"twitter:creator\" content=\"@i_engagement\" \/>\n<meta name=\"twitter:site\" content=\"@i_engagement\" \/>\n<meta name=\"twitter:label1\" content=\"Written by\" \/>\n\t<meta name=\"twitter:data1\" content=\"C\u00e9cile Torrent\" \/>\n\t<meta name=\"twitter:label2\" content=\"Estimated reading time\" \/>\n\t<meta name=\"twitter:data2\" content=\"2 minutes\" \/>\n<script type=\"application\/ld+json\" class=\"yoast-schema-graph\">{\"@context\":\"https:\\\/\\\/schema.org\",\"@graph\":[{\"@type\":\"Article\",\"@id\":\"https:\\\/\\\/www.engagement.fr\\\/decouvrez-la-liste-des-candidats-admissibles-a-loral-du-programme-laureats-pour-la-session-de-printemps-2026\\\/#article\",\"isPartOf\":{\"@id\":\"https:\\\/\\\/www.engagement.fr\\\/decouvrez-la-liste-des-candidats-admissibles-a-loral-du-programme-laureats-pour-la-session-de-printemps-2026\\\/\"},\"author\":{\"name\":\"C\u00e9cile Torrent\",\"@id\":\"https:\\\/\\\/www.engagement.fr\\\/#\\\/schema\\\/person\\\/3dba0becc5aaeefec7fef141f0459ac3\"},\"headline\":\"D\u00e9couvrez la liste des candidats admissibles \u00e0 l&rsquo;oral du programme \u00ab\u00a0laur\u00e9ats\u00a0\u00bb pour la session de printemps 2026\",\"datePublished\":\"2026-02-02T17:51:59+00:00\",\"dateModified\":\"2026-02-17T11:06:48+00:00\",\"mainEntityOfPage\":{\"@id\":\"https:\\\/\\\/www.engagement.fr\\\/decouvrez-la-liste-des-candidats-admissibles-a-loral-du-programme-laureats-pour-la-session-de-printemps-2026\\\/\"},\"wordCount\":144,\"commentCount\":0,\"publisher\":{\"@id\":\"https:\\\/\\\/www.engagement.fr\\\/#organization\"},\"image\":{\"@id\":\"https:\\\/\\\/www.engagement.fr\\\/decouvrez-la-liste-des-candidats-admissibles-a-loral-du-programme-laureats-pour-la-session-de-printemps-2026\\\/#primaryimage\"},\"thumbnailUrl\":\"https:\\\/\\\/www.engagement.fr\\\/wp-content\\\/uploads\\\/2026\\\/02\\\/Annonce-admissibles-2026-1.png\",\"articleSection\":[\"Uncategorized\"],\"inLanguage\":\"en-GB\",\"potentialAction\":[{\"@type\":\"CommentAction\",\"name\":\"Comment\",\"target\":[\"https:\\\/\\\/www.engagement.fr\\\/decouvrez-la-liste-des-candidats-admissibles-a-loral-du-programme-laureats-pour-la-session-de-printemps-2026\\\/#respond\"]}]},{\"@type\":\"WebPage\",\"@id\":\"https:\\\/\\\/www.engagement.fr\\\/decouvrez-la-liste-des-candidats-admissibles-a-loral-du-programme-laureats-pour-la-session-de-printemps-2026\\\/\",\"url\":\"https:\\\/\\\/www.engagement.fr\\\/decouvrez-la-liste-des-candidats-admissibles-a-loral-du-programme-laureats-pour-la-session-de-printemps-2026\\\/\",\"name\":\"D\u00e9couvrez la liste des candidats admissibles \u00e0 l'oral du programme \\\"laur\u00e9ats\\\" pour la session de printemps 2026 - Institut de l&#039;Engagement\",\"isPartOf\":{\"@id\":\"https:\\\/\\\/www.engagement.fr\\\/#website\"},\"primaryImageOfPage\":{\"@id\":\"https:\\\/\\\/www.engagement.fr\\\/decouvrez-la-liste-des-candidats-admissibles-a-loral-du-programme-laureats-pour-la-session-de-printemps-2026\\\/#primaryimage\"},\"image\":{\"@id\":\"https:\\\/\\\/www.engagement.fr\\\/decouvrez-la-liste-des-candidats-admissibles-a-loral-du-programme-laureats-pour-la-session-de-printemps-2026\\\/#primaryimage\"},\"thumbnailUrl\":\"https:\\\/\\\/www.engagement.fr\\\/wp-content\\\/uploads\\\/2026\\\/02\\\/Annonce-admissibles-2026-1.png\",\"datePublished\":\"2026-02-02T17:51:59+00:00\",\"dateModified\":\"2026-02-17T11:06:48+00:00\",\"breadcrumb\":{\"@id\":\"https:\\\/\\\/www.engagement.fr\\\/decouvrez-la-liste-des-candidats-admissibles-a-loral-du-programme-laureats-pour-la-session-de-printemps-2026\\\/#breadcrumb\"},\"inLanguage\":\"en-GB\",\"potentialAction\":[{\"@type\":\"ReadAction\",\"target\":[\"https:\\\/\\\/www.engagement.fr\\\/decouvrez-la-liste-des-candidats-admissibles-a-loral-du-programme-laureats-pour-la-session-de-printemps-2026\\\/\"]}]},{\"@type\":\"ImageObject\",\"inLanguage\":\"en-GB\",\"@id\":\"https:\\\/\\\/www.engagement.fr\\\/decouvrez-la-liste-des-candidats-admissibles-a-loral-du-programme-laureats-pour-la-session-de-printemps-2026\\\/#primaryimage\",\"url\":\"https:\\\/\\\/www.engagement.fr\\\/wp-content\\\/uploads\\\/2026\\\/02\\\/Annonce-admissibles-2026-1.png\",\"contentUrl\":\"https:\\\/\\\/www.engagement.fr\\\/wp-content\\\/uploads\\\/2026\\\/02\\\/Annonce-admissibles-2026-1.png\",\"width\":1000,\"height\":600},{\"@type\":\"BreadcrumbList\",\"@id\":\"https:\\\/\\\/www.engagement.fr\\\/decouvrez-la-liste-des-candidats-admissibles-a-loral-du-programme-laureats-pour-la-session-de-printemps-2026\\\/#breadcrumb\",\"itemListElement\":[{\"@type\":\"ListItem\",\"position\":1,\"name\":\"Accueil\",\"item\":\"https:\\\/\\\/www.engagement.fr\\\/\"},{\"@type\":\"ListItem\",\"position\":2,\"name\":\"D\u00e9couvrez la liste des candidats admissibles \u00e0 l&rsquo;oral du programme \u00ab\u00a0laur\u00e9ats\u00a0\u00bb pour la session de printemps 2026\"}]},{\"@type\":\"WebSite\",\"@id\":\"https:\\\/\\\/www.engagement.fr\\\/#website\",\"url\":\"https:\\\/\\\/www.engagement.fr\\\/\",\"name\":\"Institut de l'Engagement\",\"description\":\"\",\"publisher\":{\"@id\":\"https:\\\/\\\/www.engagement.fr\\\/#organization\"},\"potentialAction\":[{\"@type\":\"SearchAction\",\"target\":{\"@type\":\"EntryPoint\",\"urlTemplate\":\"https:\\\/\\\/www.engagement.fr\\\/?s={search_term_string}\"},\"query-input\":{\"@type\":\"PropertyValueSpecification\",\"valueRequired\":true,\"valueName\":\"search_term_string\"}}],\"inLanguage\":\"en-GB\"},{\"@type\":\"Organization\",\"@id\":\"https:\\\/\\\/www.engagement.fr\\\/#organization\",\"name\":\"Institut de l'Engagement\",\"url\":\"https:\\\/\\\/www.engagement.fr\\\/\",\"logo\":{\"@type\":\"ImageObject\",\"inLanguage\":\"en-GB\",\"@id\":\"https:\\\/\\\/www.engagement.fr\\\/#\\\/schema\\\/logo\\\/image\\\/\",\"url\":\"https:\\\/\\\/www.engagement.fr\\\/wp-content\\\/uploads\\\/2024\\\/06\\\/Institut-de-lEngagement-Principal-Horizontal.png\",\"contentUrl\":\"https:\\\/\\\/www.engagement.fr\\\/wp-content\\\/uploads\\\/2024\\\/06\\\/Institut-de-lEngagement-Principal-Horizontal.png\",\"width\":3066,\"height\":646,\"caption\":\"Institut de l'Engagement\"},\"image\":{\"@id\":\"https:\\\/\\\/www.engagement.fr\\\/#\\\/schema\\\/logo\\\/image\\\/\"},\"sameAs\":[\"https:\\\/\\\/www.facebook.com\\\/Institut.Engagement\",\"https:\\\/\\\/x.com\\\/i_engagement\"]},{\"@type\":\"Person\",\"@id\":\"https:\\\/\\\/www.engagement.fr\\\/#\\\/schema\\\/person\\\/3dba0becc5aaeefec7fef141f0459ac3\",\"name\":\"C\u00e9cile Torrent\",\"image\":{\"@type\":\"ImageObject\",\"inLanguage\":\"en-GB\",\"@id\":\"https:\\\/\\\/secure.gravatar.com\\\/avatar\\\/840b24c18ea6041af984d3563e207a432ee596987f723896a5b1b34f3e599023?s=96&d=mm&r=g\",\"url\":\"https:\\\/\\\/secure.gravatar.com\\\/avatar\\\/840b24c18ea6041af984d3563e207a432ee596987f723896a5b1b34f3e599023?s=96&d=mm&r=g\",\"contentUrl\":\"https:\\\/\\\/secure.gravatar.com\\\/avatar\\\/840b24c18ea6041af984d3563e207a432ee596987f723896a5b1b34f3e599023?s=96&d=mm&r=g\",\"caption\":\"C\u00e9cile Torrent\"},\"url\":\"https:\\\/\\\/www.engagement.fr\\\/en\\\/author\\\/cecile-torrent\\\/\"}]}<\/script>\n<!-- \/ Yoast SEO plugin. -->","yoast_head_json":{"title":"D\u00e9couvrez la liste des candidats admissibles \u00e0 l'oral du programme \"laur\u00e9ats\" pour la session de printemps 2026 - Institut de l&#039;Engagement","robots":{"index":"index","follow":"follow","max-snippet":"max-snippet:-1","max-image-preview":"max-image-preview:large","max-video-preview":"max-video-preview:-1"},"canonical":"https:\/\/www.engagement.fr\/en\/discover-the-list-of-candidates-eligible-for-the-interview-stage-of-the-laureates-programme-for-the-spring-2026-session\/","og_locale":"en_GB","og_type":"article","og_title":"D\u00e9couvrez la liste des candidats admissibles \u00e0 l'oral du programme \"laur\u00e9ats\" pour la session de printemps 2026 - Institut de l&#039;Engagement","og_description":"La liste des candidats admissibles \u00e0 l'oral du programme \"laur\u00e9ats\" pour la session de printemps 2026 est en ligne.","og_url":"https:\/\/www.engagement.fr\/en\/discover-the-list-of-candidates-eligible-for-the-interview-stage-of-the-laureates-programme-for-the-spring-2026-session\/","og_site_name":"Institut de l&#039;Engagement","article_publisher":"https:\/\/www.facebook.com\/Institut.Engagement","article_published_time":"2026-02-02T17:51:59+00:00","article_modified_time":"2026-02-17T11:06:48+00:00","og_image":[{"width":1000,"height":600,"url":"https:\/\/www.engagement.fr\/wp-content\/uploads\/2026\/02\/Annonce-admissibles-2026-1.png","type":"image\/png"}],"author":"C\u00e9cile Torrent","twitter_card":"summary_large_image","twitter_creator":"@i_engagement","twitter_site":"@i_engagement","twitter_misc":{"Written by":"C\u00e9cile Torrent","Estimated reading time":"2 minutes"},"schema":{"@context":"https:\/\/schema.org","@graph":[{"@type":"Article","@id":"https:\/\/www.engagement.fr\/decouvrez-la-liste-des-candidats-admissibles-a-loral-du-programme-laureats-pour-la-session-de-printemps-2026\/#article","isPartOf":{"@id":"https:\/\/www.engagement.fr\/decouvrez-la-liste-des-candidats-admissibles-a-loral-du-programme-laureats-pour-la-session-de-printemps-2026\/"},"author":{"name":"C\u00e9cile Torrent","@id":"https:\/\/www.engagement.fr\/#\/schema\/person\/3dba0becc5aaeefec7fef141f0459ac3"},"headline":"D\u00e9couvrez la liste des candidats admissibles \u00e0 l&rsquo;oral du programme \u00ab\u00a0laur\u00e9ats\u00a0\u00bb pour la session de printemps 2026","datePublished":"2026-02-02T17:51:59+00:00","dateModified":"2026-02-17T11:06:48+00:00","mainEntityOfPage":{"@id":"https:\/\/www.engagement.fr\/decouvrez-la-liste-des-candidats-admissibles-a-loral-du-programme-laureats-pour-la-session-de-printemps-2026\/"},"wordCount":144,"commentCount":0,"publisher":{"@id":"https:\/\/www.engagement.fr\/#organization"},"image":{"@id":"https:\/\/www.engagement.fr\/decouvrez-la-liste-des-candidats-admissibles-a-loral-du-programme-laureats-pour-la-session-de-printemps-2026\/#primaryimage"},"thumbnailUrl":"https:\/\/www.engagement.fr\/wp-content\/uploads\/2026\/02\/Annonce-admissibles-2026-1.png","articleSection":["Uncategorized"],"inLanguage":"en-GB","potentialAction":[{"@type":"CommentAction","name":"Comment","target":["https:\/\/www.engagement.fr\/decouvrez-la-liste-des-candidats-admissibles-a-loral-du-programme-laureats-pour-la-session-de-printemps-2026\/#respond"]}]},{"@type":"WebPage","@id":"https:\/\/www.engagement.fr\/decouvrez-la-liste-des-candidats-admissibles-a-loral-du-programme-laureats-pour-la-session-de-printemps-2026\/","url":"https:\/\/www.engagement.fr\/decouvrez-la-liste-des-candidats-admissibles-a-loral-du-programme-laureats-pour-la-session-de-printemps-2026\/","name":"D\u00e9couvrez la liste des candidats admissibles \u00e0 l'oral du programme \"laur\u00e9ats\" pour la session de printemps 2026 - Institut de l&#039;Engagement","isPartOf":{"@id":"https:\/\/www.engagement.fr\/#website"},"primaryImageOfPage":{"@id":"https:\/\/www.engagement.fr\/decouvrez-la-liste-des-candidats-admissibles-a-loral-du-programme-laureats-pour-la-session-de-printemps-2026\/#primaryimage"},"image":{"@id":"https:\/\/www.engagement.fr\/decouvrez-la-liste-des-candidats-admissibles-a-loral-du-programme-laureats-pour-la-session-de-printemps-2026\/#primaryimage"},"thumbnailUrl":"https:\/\/www.engagement.fr\/wp-content\/uploads\/2026\/02\/Annonce-admissibles-2026-1.png","datePublished":"2026-02-02T17:51:59+00:00","dateModified":"2026-02-17T11:06:48+00:00","breadcrumb":{"@id":"https:\/\/www.engagement.fr\/decouvrez-la-liste-des-candidats-admissibles-a-loral-du-programme-laureats-pour-la-session-de-printemps-2026\/#breadcrumb"},"inLanguage":"en-GB","potentialAction":[{"@type":"ReadAction","target":["https:\/\/www.engagement.fr\/decouvrez-la-liste-des-candidats-admissibles-a-loral-du-programme-laureats-pour-la-session-de-printemps-2026\/"]}]},{"@type":"ImageObject","inLanguage":"en-GB","@id":"https:\/\/www.engagement.fr\/decouvrez-la-liste-des-candidats-admissibles-a-loral-du-programme-laureats-pour-la-session-de-printemps-2026\/#primaryimage","url":"https:\/\/www.engagement.fr\/wp-content\/uploads\/2026\/02\/Annonce-admissibles-2026-1.png","contentUrl":"https:\/\/www.engagement.fr\/wp-content\/uploads\/2026\/02\/Annonce-admissibles-2026-1.png","width":1000,"height":600},{"@type":"BreadcrumbList","@id":"https:\/\/www.engagement.fr\/decouvrez-la-liste-des-candidats-admissibles-a-loral-du-programme-laureats-pour-la-session-de-printemps-2026\/#breadcrumb","itemListElement":[{"@type":"ListItem","position":1,"name":"Accueil","item":"https:\/\/www.engagement.fr\/"},{"@type":"ListItem","position":2,"name":"D\u00e9couvrez la liste des candidats admissibles \u00e0 l&rsquo;oral du programme \u00ab\u00a0laur\u00e9ats\u00a0\u00bb pour la session de printemps 2026"}]},{"@type":"WebSite","@id":"https:\/\/www.engagement.fr\/#website","url":"https:\/\/www.engagement.fr\/","name":"Institute of Commitment","description":"","publisher":{"@id":"https:\/\/www.engagement.fr\/#organization"},"potentialAction":[{"@type":"SearchAction","target":{"@type":"EntryPoint","urlTemplate":"https:\/\/www.engagement.fr\/?s={search_term_string}"},"query-input":{"@type":"PropertyValueSpecification","valueRequired":true,"valueName":"search_term_string"}}],"inLanguage":"en-GB"},{"@type":"Organization","@id":"https:\/\/www.engagement.fr\/#organization","name":"Institute of Commitment","url":"https:\/\/www.engagement.fr\/","logo":{"@type":"ImageObject","inLanguage":"en-GB","@id":"https:\/\/www.engagement.fr\/#\/schema\/logo\/image\/","url":"https:\/\/www.engagement.fr\/wp-content\/uploads\/2024\/06\/Institut-de-lEngagement-Principal-Horizontal.png","contentUrl":"https:\/\/www.engagement.fr\/wp-content\/uploads\/2024\/06\/Institut-de-lEngagement-Principal-Horizontal.png","width":3066,"height":646,"caption":"Institut de l'Engagement"},"image":{"@id":"https:\/\/www.engagement.fr\/#\/schema\/logo\/image\/"},"sameAs":["https:\/\/www.facebook.com\/Institut.Engagement","https:\/\/x.com\/i_engagement"]},{"@type":"Person","@id":"https:\/\/www.engagement.fr\/#\/schema\/person\/3dba0becc5aaeefec7fef141f0459ac3","name":"C\u00e9cile Torrent","image":{"@type":"ImageObject","inLanguage":"en-GB","@id":"https:\/\/secure.gravatar.com\/avatar\/840b24c18ea6041af984d3563e207a432ee596987f723896a5b1b34f3e599023?s=96&d=mm&r=g","url":"https:\/\/secure.gravatar.com\/avatar\/840b24c18ea6041af984d3563e207a432ee596987f723896a5b1b34f3e599023?s=96&d=mm&r=g","contentUrl":"https:\/\/secure.gravatar.com\/avatar\/840b24c18ea6041af984d3563e207a432ee596987f723896a5b1b34f3e599023?s=96&d=mm&r=g","caption":"C\u00e9cile Torrent"},"url":"https:\/\/www.engagement.fr\/en\/author\/cecile-torrent\/"}]}},"_links":{"self":[{"href":"https:\/\/www.engagement.fr\/en\/wp-json\/wp\/v2\/posts\/16339","targetHints":{"allow":["GET"]}}],"collection":[{"href":"https:\/\/www.engagement.fr\/en\/wp-json\/wp\/v2\/posts"}],"about":[{"href":"https:\/\/www.engagement.fr\/en\/wp-json\/wp\/v2\/types\/post"}],"author":[{"embeddable":true,"href":"https:\/\/www.engagement.fr\/en\/wp-json\/wp\/v2\/users\/3"}],"replies":[{"embeddable":true,"href":"https:\/\/www.engagement.fr\/en\/wp-json\/wp\/v2\/comments?post=16339"}],"version-history":[{"count":14,"href":"https:\/\/www.engagement.fr\/en\/wp-json\/wp\/v2\/posts\/16339\/revisions"}],"predecessor-version":[{"id":16425,"href":"https:\/\/www.engagement.fr\/en\/wp-json\/wp\/v2\/posts\/16339\/revisions\/16425"}],"wp:featuredmedia":[{"embeddable":true,"href":"https:\/\/www.engagement.fr\/en\/wp-json\/wp\/v2\/media\/16345"}],"wp:attachment":[{"href":"https:\/\/www.engagement.fr\/en\/wp-json\/wp\/v2\/media?parent=16339"}],"wp:term":[{"taxonomy":"category","embeddable":true,"href":"https:\/\/www.engagement.fr\/en\/wp-json\/wp\/v2\/categories?post=16339"},{"taxonomy":"post_tag","embeddable":true,"href":"https:\/\/www.engagement.fr\/en\/wp-json\/wp\/v2\/tags?post=16339"}],"curies":[{"name":"wp","href":"https:\/\/api.w.org\/{rel}","templated":true}]}}