{"id":15663,"date":"2025-11-19T13:32:32","date_gmt":"2025-11-19T13:32:32","guid":{"rendered":"https:\/\/www.engagement.fr\/?p=15663"},"modified":"2026-02-25T12:37:20","modified_gmt":"2026-02-25T12:37:20","slug":"meetings-with-elected-officials-from-haute-garonne","status":"publish","type":"post","link":"https:\/\/www.engagement.fr\/en\/rencontres-de-l-engagement-avec-les-elus-de-la-haute-garonne\/","title":{"rendered":"Engagement Meetings with Elected Officials of Haute-Garonne"},"content":{"rendered":"<div data-elementor-type=\"wp-post\" data-elementor-id=\"15663\" class=\"elementor elementor-15663\" data-elementor-post-type=\"post\">\n\t\t\t\t<div class=\"elementor-element elementor-element-569b0a3 e-con-full e-flex e-con e-parent\" data-id=\"569b0a3\" data-element_type=\"container\" data-e-type=\"container\" data-settings=\"{&quot;background_background&quot;:&quot;classic&quot;,&quot;background_motion_fx_motion_fx_mouse&quot;:&quot;yes&quot;,&quot;background_motion_fx_mouseTrack_effect&quot;:&quot;yes&quot;,&quot;background_motion_fx_mouseTrack_speed&quot;:{&quot;unit&quot;:&quot;px&quot;,&quot;size&quot;:1,&quot;sizes&quot;:[]}}\">\n\t\t<div class=\"elementor-element elementor-element-64616b5 e-flex e-con-boxed e-con e-child\" data-id=\"64616b5\" data-element_type=\"container\" data-e-type=\"container\" data-settings=\"{&quot;background_background&quot;:&quot;classic&quot;}\">\n\t\t\t\t\t<div class=\"e-con-inner\">\n\t\t<div class=\"elementor-element elementor-element-c38a6a3 e-con-full e-flex e-con e-child\" data-id=\"c38a6a3\" data-element_type=\"container\" data-e-type=\"container\">\n\t\t\t\t<div class=\"elementor-element elementor-element-211f1f6 elementor-invisible elementor-widget elementor-widget-text-editor\" data-id=\"211f1f6\" data-element_type=\"widget\" data-e-type=\"widget\" data-settings=\"{&quot;_animation&quot;:&quot;fadeIn&quot;,&quot;_animation_delay&quot;:500}\" data-widget_type=\"text-editor.default\">\n\t\t\t\t<div class=\"elementor-widget-container\">\n\t\t\t\t\t\t\t\t\t19 November 2025\t\t\t\t\t\t\t\t<\/div>\n\t\t\t\t<\/div>\n\t\t\t\t<div class=\"elementor-element elementor-element-fc5633f elementor-widget-divider--view-line elementor-invisible elementor-widget elementor-widget-divider\" data-id=\"fc5633f\" data-element_type=\"widget\" data-e-type=\"widget\" data-settings=\"{&quot;_animation&quot;:&quot;fadeInUp&quot;}\" data-widget_type=\"divider.default\">\n\t\t\t\t<div class=\"elementor-widget-container\">\n\t\t\t\t\t\t\t<div class=\"elementor-divider\">\n\t\t\t<span class=\"elementor-divider-separator\">\n\t\t\t\t\t\t<\/span>\n\t\t<\/div>\n\t\t\t\t\t\t<\/div>\n\t\t\t\t<\/div>\n\t\t\t\t<div class=\"elementor-element elementor-element-c783a2c elementor-invisible elementor-widget elementor-widget-heading\" data-id=\"c783a2c\" data-element_type=\"widget\" data-e-type=\"widget\" data-settings=\"{&quot;_animation&quot;:&quot;fadeInUp&quot;}\" data-widget_type=\"heading.default\">\n\t\t\t\t<div class=\"elementor-widget-container\">\n\t\t\t\t\t<h1 class=\"elementor-heading-title elementor-size-default\">Back to the Civic Engagement Forum with elected officials from Haute-Garonne<\/h1>\t\t\t\t<\/div>\n\t\t\t\t<\/div>\n\t\t<div class=\"elementor-element elementor-element-6a2c7aa e-flex e-con-boxed e-con e-child\" data-id=\"6a2c7aa\" data-element_type=\"container\" data-e-type=\"container\">\n\t\t\t\t\t<div class=\"e-con-inner\">\n\t\t\t\t<div class=\"elementor-element elementor-element-8ee00c1 elementor-align-center elementor-invisible elementor-widget elementor-widget-lottie\" data-id=\"8ee00c1\" data-element_type=\"widget\" data-e-type=\"widget\" data-settings=\"{&quot;source_json&quot;:{&quot;url&quot;:&quot;https:\\\/\\\/www.engagement.fr\\\/wp-content\\\/uploads\\\/2024\\\/03\\\/2810-arrow-down.json&quot;,&quot;id&quot;:1401,&quot;size&quot;:&quot;&quot;,&quot;alt&quot;:&quot;&quot;,&quot;source&quot;:&quot;library&quot;},&quot;loop&quot;:&quot;yes&quot;,&quot;_animation&quot;:&quot;fadeIn&quot;,&quot;_animation_delay&quot;:600,&quot;source&quot;:&quot;media_file&quot;,&quot;caption_source&quot;:&quot;none&quot;,&quot;link_to&quot;:&quot;none&quot;,&quot;trigger&quot;:&quot;arriving_to_viewport&quot;,&quot;viewport&quot;:{&quot;unit&quot;:&quot;%&quot;,&quot;size&quot;:&quot;&quot;,&quot;sizes&quot;:{&quot;start&quot;:0,&quot;end&quot;:100}},&quot;play_speed&quot;:{&quot;unit&quot;:&quot;px&quot;,&quot;size&quot;:1,&quot;sizes&quot;:[]},&quot;start_point&quot;:{&quot;unit&quot;:&quot;%&quot;,&quot;size&quot;:0,&quot;sizes&quot;:[]},&quot;end_point&quot;:{&quot;unit&quot;:&quot;%&quot;,&quot;size&quot;:100,&quot;sizes&quot;:[]},&quot;renderer&quot;:&quot;svg&quot;}\" data-widget_type=\"lottie.default\">\n\t\t\t\t<div class=\"elementor-widget-container\">\n\t\t\t\t\t<div class=\"e-lottie__container\"><div class=\"e-lottie__animation\"><\/div><\/div>\t\t\t\t<\/div>\n\t\t\t\t<\/div>\n\t\t\t\t\t<\/div>\n\t\t\t\t<\/div>\n\t\t\t\t<\/div>\n\t\t\t\t\t<\/div>\n\t\t\t\t<\/div>\n\t\t\t\t<\/div>\n\t\t<div class=\"elementor-element elementor-element-e8ab51a e-flex e-con-boxed e-con e-parent\" data-id=\"e8ab51a\" data-element_type=\"container\" data-e-type=\"container\" data-settings=\"{&quot;background_background&quot;:&quot;classic&quot;}\">\n\t\t\t\t\t<div class=\"e-con-inner\">\n\t\t\t\t<div class=\"elementor-element elementor-element-50317e3 elementor-widget elementor-widget-text-editor\" data-id=\"50317e3\" data-element_type=\"widget\" data-e-type=\"widget\" data-widget_type=\"text-editor.default\">\n\t\t\t\t<div class=\"elementor-widget-container\">\n\t\t\t\t\t\t\t\t\t<p dir=\"ltr\"><strong>When the political commitment of elected officials meets the commitment of young people!<\/strong><\/p><p dir=\"ltr\">On Wednesday 12 November, the Institute was at the Haute-Garonne Departmental Council for the Meetings of Commitment. 10 laureates from the Institute were able to meet and exchange with elected officials from the department, ready to become their mentors.<\/p><p dir=\"ltr\">A big thank you to the departmental elected officials who mobilised for this event and in supporting it, to the various partners who got involved, and to the departmental youth and sports service.<\/p><p dir=\"ltr\">Since the start of this partnership, 86 award winners have benefited from the sponsorship of 34 elected officials. Opening up the network, connecting to existing structures, and sharing experiences, these meetings are enriching and contribute to strengthening the bond between young people and their local area.\u00a0<\/p>\t\t\t\t\t\t\t\t<\/div>\n\t\t\t\t<\/div>\n\t\t\t\t<div class=\"elementor-element elementor-element-13a4c05 elementor-widget elementor-widget-image\" data-id=\"13a4c05\" data-element_type=\"widget\" data-e-type=\"widget\" data-widget_type=\"image.default\">\n\t\t\t\t<div class=\"elementor-widget-container\">\n\t\t\t\t\t\t\t\t\t\t\t\t\t\t\t<img fetchpriority=\"high\" decoding=\"async\" width=\"2048\" height=\"1536\" src=\"https:\/\/www.engagement.fr\/wp-content\/uploads\/2025\/12\/WhatsApp-Image-2025-12-11-a-16.28.37_20d627a9.jpg\" class=\"attachment-full size-full wp-image-15664\" alt=\"\" srcset=\"https:\/\/www.engagement.fr\/wp-content\/uploads\/2025\/12\/WhatsApp-Image-2025-12-11-a-16.28.37_20d627a9.jpg 2048w, https:\/\/www.engagement.fr\/wp-content\/uploads\/2025\/12\/WhatsApp-Image-2025-12-11-a-16.28.37_20d627a9-300x225.jpg 300w, https:\/\/www.engagement.fr\/wp-content\/uploads\/2025\/12\/WhatsApp-Image-2025-12-11-a-16.28.37_20d627a9-1024x768.jpg 1024w, https:\/\/www.engagement.fr\/wp-content\/uploads\/2025\/12\/WhatsApp-Image-2025-12-11-a-16.28.37_20d627a9-768x576.jpg 768w, https:\/\/www.engagement.fr\/wp-content\/uploads\/2025\/12\/WhatsApp-Image-2025-12-11-a-16.28.37_20d627a9-1536x1152.jpg 1536w, https:\/\/www.engagement.fr\/wp-content\/uploads\/2025\/12\/WhatsApp-Image-2025-12-11-a-16.28.37_20d627a9-16x12.jpg 16w\" sizes=\"(max-width: 2048px) 100vw, 2048px\" \/>\t\t\t\t\t\t\t\t\t\t\t\t\t\t\t<\/div>\n\t\t\t\t<\/div>\n\t\t\t\t\t<\/div>\n\t\t\t\t<\/div>\n\t\t<div class=\"elementor-element elementor-element-a054bb3 e-con-full e-flex e-con e-parent\" data-id=\"a054bb3\" data-element_type=\"container\" data-e-type=\"container\">\n\t\t\t\t<div class=\"elementor-element elementor-element-89d3b5c elementor-post-navigation-borders-yes elementor-widget elementor-widget-post-navigation\" data-id=\"89d3b5c\" data-element_type=\"widget\" data-e-type=\"widget\" data-widget_type=\"post-navigation.default\">\n\t\t\t\t<div class=\"elementor-widget-container\">\n\t\t\t\t\t\t\t<div class=\"elementor-post-navigation\" role=\"navigation\" aria-label=\"Post Navigation\">\n\t\t\t<div class=\"elementor-post-navigation__prev elementor-post-navigation__link\">\n\t\t\t\t<a href=\"https:\/\/www.engagement.fr\/en\/decouvrez-la-liste-des-laureats-de-la-session-dautomne-2025\/\" rel=\"prev\"><span class=\"post-navigation__arrow-wrapper post-navigation__arrow-prev\"><svg aria-hidden=\"true\" class=\"e-font-icon-svg e-fas-angle-left\" viewbox=\"0 0 256 512\" xmlns=\"http:\/\/www.w3.org\/2000\/svg\"><path d=\"M31.7 239l136-136c9.4-9.4 24.6-9.4 33.9 0l22.6 22.6c9.4 9.4 9.4 24.6 0 33.9L127.9 256l96.4 96.4c9.4 9.4 9.4 24.6 0 33.9L201.7 409c-9.4 9.4-24.6 9.4-33.9 0l-136-136c-9.5-9.4-9.5-24.6-.1-34z\"><\/path><\/svg><span class=\"elementor-screen-only\">Previous<\/span><\/span><span class=\"elementor-post-navigation__link__prev\"><span class=\"post-navigation__prev--label\">Previous<\/span><span class=\"post-navigation__prev--title\">Discover the list of winners for the Autumn 2025 session<\/span><\/span><\/a>\t\t\t<\/div>\n\t\t\t\t\t\t\t<div class=\"elementor-post-navigation__separator-wrapper\">\n\t\t\t\t\t<div class=\"elementor-post-navigation__separator\"><\/div>\n\t\t\t\t<\/div>\n\t\t\t\t\t\t<div class=\"elementor-post-navigation__next elementor-post-navigation__link\">\n\t\t\t\t<a href=\"https:\/\/www.engagement.fr\/en\/temoignage-nina-marceddu-initiation-premiers-secours-de-la-planete\/\" rel=\"next\"><span class=\"elementor-post-navigation__link__next\"><span class=\"post-navigation__next--label\">Next<\/span><span class=\"post-navigation__next--title\">\u00abUndertaking this journey with the students was pertinent in every respect.\u00bb<\/span><\/span><span class=\"post-navigation__arrow-wrapper post-navigation__arrow-next\"><svg aria-hidden=\"true\" class=\"e-font-icon-svg e-fas-angle-right\" viewbox=\"0 0 256 512\" xmlns=\"http:\/\/www.w3.org\/2000\/svg\"><path d=\"M224.3 273l-136 136c-9.4 9.4-24.6 9.4-33.9 0l-22.6-22.6c-9.4-9.4-9.4-24.6 0-33.9l96.4-96.4-96.4-96.4c-9.4-9.4-9.4-24.6 0-33.9L54.3 103c9.4-9.4 24.6-9.4 33.9 0l136 136c9.5 9.4 9.5 24.6.1 34z\"><\/path><\/svg><span class=\"elementor-screen-only\">Next<\/span><\/span><\/a>\t\t\t<\/div>\n\t\t<\/div>\n\t\t\t\t\t\t<\/div>\n\t\t\t\t<\/div>\n\t\t\t\t<\/div>\n\t\t\t\t<\/div>","protected":false},"excerpt":{"rendered":"<p>10 Institut winners will benefit from the sponsorship of elected officials from the Haute-Garonne Departmental Council as part of the \"Rencontres de l\u2019Engagement\" (Encounters of Commitment).<\/p>","protected":false},"author":3,"featured_media":15664,"comment_status":"open","ping_status":"open","sticky":false,"template":"elementor_header_footer","format":"standard","meta":{"footnotes":""},"categories":[1],"tags":[],"class_list":["post-15663","post","type-post","status-publish","format-standard","has-post-thumbnail","hentry","category-uncategorized"],"yoast_head":"<!-- This site is optimized with the Yoast SEO plugin v27.5 - https:\/\/yoast.com\/product\/yoast-seo-wordpress\/ -->\n<title>Rencontres de l&#039;engagement avec les \u00e9lus de la Haute-Garonne - Institut de l&#039;Engagement<\/title>\n<meta name=\"robots\" content=\"index, follow, max-snippet:-1, max-image-preview:large, max-video-preview:-1\" \/>\n<link rel=\"canonical\" href=\"https:\/\/www.engagement.fr\/en\/meetings-with-elected-officials-from-haute-garonne\/\" \/>\n<meta property=\"og:locale\" content=\"en_GB\" \/>\n<meta property=\"og:type\" content=\"article\" \/>\n<meta property=\"og:title\" content=\"Rencontres de l&#039;engagement avec les \u00e9lus de la Haute-Garonne - Institut de l&#039;Engagement\" \/>\n<meta property=\"og:description\" content=\"10 laur\u00e9ats de l&#039;Institut b\u00e9n\u00e9ficieront du parrainage d&#039;\u00e9lus du Conseil d\u00e9partemental de la Haute-Garonne dans le cadre des Rencontres de l\u2019Engagement.\" \/>\n<meta property=\"og:url\" content=\"https:\/\/www.engagement.fr\/en\/meetings-with-elected-officials-from-haute-garonne\/\" \/>\n<meta property=\"og:site_name\" content=\"Institut de l&#039;Engagement\" \/>\n<meta property=\"article:publisher\" content=\"https:\/\/www.facebook.com\/Institut.Engagement\" \/>\n<meta property=\"article:published_time\" content=\"2025-11-19T13:32:32+00:00\" \/>\n<meta property=\"article:modified_time\" content=\"2026-02-25T12:37:20+00:00\" \/>\n<meta property=\"og:image\" content=\"https:\/\/www.engagement.fr\/wp-content\/uploads\/2025\/12\/WhatsApp-Image-2025-12-11-a-16.28.37_20d627a9.jpg\" \/>\n\t<meta property=\"og:image:width\" content=\"2048\" \/>\n\t<meta property=\"og:image:height\" content=\"1536\" \/>\n\t<meta property=\"og:image:type\" content=\"image\/jpeg\" \/>\n<meta name=\"author\" content=\"C\u00e9cile Torrent\" \/>\n<meta name=\"twitter:card\" content=\"summary_large_image\" \/>\n<meta name=\"twitter:creator\" content=\"@i_engagement\" \/>\n<meta name=\"twitter:site\" content=\"@i_engagement\" \/>\n<meta name=\"twitter:label1\" content=\"Written by\" \/>\n\t<meta name=\"twitter:data1\" content=\"C\u00e9cile Torrent\" \/>\n\t<meta name=\"twitter:label2\" content=\"Estimated reading time\" \/>\n\t<meta name=\"twitter:data2\" content=\"2 minutes\" \/>\n<script type=\"application\/ld+json\" class=\"yoast-schema-graph\">{\"@context\":\"https:\\\/\\\/schema.org\",\"@graph\":[{\"@type\":\"Article\",\"@id\":\"https:\\\/\\\/www.engagement.fr\\\/rencontres-de-l-engagement-avec-les-elus-de-la-haute-garonne\\\/#article\",\"isPartOf\":{\"@id\":\"https:\\\/\\\/www.engagement.fr\\\/rencontres-de-l-engagement-avec-les-elus-de-la-haute-garonne\\\/\"},\"author\":{\"name\":\"C\u00e9cile Torrent\",\"@id\":\"https:\\\/\\\/www.engagement.fr\\\/#\\\/schema\\\/person\\\/3dba0becc5aaeefec7fef141f0459ac3\"},\"headline\":\"Rencontres de l&rsquo;engagement avec les \u00e9lus de la Haute-Garonne\",\"datePublished\":\"2025-11-19T13:32:32+00:00\",\"dateModified\":\"2026-02-25T12:37:20+00:00\",\"mainEntityOfPage\":{\"@id\":\"https:\\\/\\\/www.engagement.fr\\\/rencontres-de-l-engagement-avec-les-elus-de-la-haute-garonne\\\/\"},\"wordCount\":150,\"commentCount\":0,\"publisher\":{\"@id\":\"https:\\\/\\\/www.engagement.fr\\\/#organization\"},\"image\":{\"@id\":\"https:\\\/\\\/www.engagement.fr\\\/rencontres-de-l-engagement-avec-les-elus-de-la-haute-garonne\\\/#primaryimage\"},\"thumbnailUrl\":\"https:\\\/\\\/www.engagement.fr\\\/wp-content\\\/uploads\\\/2025\\\/12\\\/WhatsApp-Image-2025-12-11-a-16.28.37_20d627a9.jpg\",\"articleSection\":[\"Uncategorized\"],\"inLanguage\":\"en-GB\",\"potentialAction\":[{\"@type\":\"CommentAction\",\"name\":\"Comment\",\"target\":[\"https:\\\/\\\/www.engagement.fr\\\/rencontres-de-l-engagement-avec-les-elus-de-la-haute-garonne\\\/#respond\"]}]},{\"@type\":\"WebPage\",\"@id\":\"https:\\\/\\\/www.engagement.fr\\\/rencontres-de-l-engagement-avec-les-elus-de-la-haute-garonne\\\/\",\"url\":\"https:\\\/\\\/www.engagement.fr\\\/rencontres-de-l-engagement-avec-les-elus-de-la-haute-garonne\\\/\",\"name\":\"Rencontres de l'engagement avec les \u00e9lus de la Haute-Garonne - Institut de l&#039;Engagement\",\"isPartOf\":{\"@id\":\"https:\\\/\\\/www.engagement.fr\\\/#website\"},\"primaryImageOfPage\":{\"@id\":\"https:\\\/\\\/www.engagement.fr\\\/rencontres-de-l-engagement-avec-les-elus-de-la-haute-garonne\\\/#primaryimage\"},\"image\":{\"@id\":\"https:\\\/\\\/www.engagement.fr\\\/rencontres-de-l-engagement-avec-les-elus-de-la-haute-garonne\\\/#primaryimage\"},\"thumbnailUrl\":\"https:\\\/\\\/www.engagement.fr\\\/wp-content\\\/uploads\\\/2025\\\/12\\\/WhatsApp-Image-2025-12-11-a-16.28.37_20d627a9.jpg\",\"datePublished\":\"2025-11-19T13:32:32+00:00\",\"dateModified\":\"2026-02-25T12:37:20+00:00\",\"breadcrumb\":{\"@id\":\"https:\\\/\\\/www.engagement.fr\\\/rencontres-de-l-engagement-avec-les-elus-de-la-haute-garonne\\\/#breadcrumb\"},\"inLanguage\":\"en-GB\",\"potentialAction\":[{\"@type\":\"ReadAction\",\"target\":[\"https:\\\/\\\/www.engagement.fr\\\/rencontres-de-l-engagement-avec-les-elus-de-la-haute-garonne\\\/\"]}]},{\"@type\":\"ImageObject\",\"inLanguage\":\"en-GB\",\"@id\":\"https:\\\/\\\/www.engagement.fr\\\/rencontres-de-l-engagement-avec-les-elus-de-la-haute-garonne\\\/#primaryimage\",\"url\":\"https:\\\/\\\/www.engagement.fr\\\/wp-content\\\/uploads\\\/2025\\\/12\\\/WhatsApp-Image-2025-12-11-a-16.28.37_20d627a9.jpg\",\"contentUrl\":\"https:\\\/\\\/www.engagement.fr\\\/wp-content\\\/uploads\\\/2025\\\/12\\\/WhatsApp-Image-2025-12-11-a-16.28.37_20d627a9.jpg\",\"width\":2048,\"height\":1536},{\"@type\":\"BreadcrumbList\",\"@id\":\"https:\\\/\\\/www.engagement.fr\\\/rencontres-de-l-engagement-avec-les-elus-de-la-haute-garonne\\\/#breadcrumb\",\"itemListElement\":[{\"@type\":\"ListItem\",\"position\":1,\"name\":\"Accueil\",\"item\":\"https:\\\/\\\/www.engagement.fr\\\/\"},{\"@type\":\"ListItem\",\"position\":2,\"name\":\"Rencontres de l&rsquo;engagement avec les \u00e9lus de la Haute-Garonne\"}]},{\"@type\":\"WebSite\",\"@id\":\"https:\\\/\\\/www.engagement.fr\\\/#website\",\"url\":\"https:\\\/\\\/www.engagement.fr\\\/\",\"name\":\"Institut de l'Engagement\",\"description\":\"\",\"publisher\":{\"@id\":\"https:\\\/\\\/www.engagement.fr\\\/#organization\"},\"potentialAction\":[{\"@type\":\"SearchAction\",\"target\":{\"@type\":\"EntryPoint\",\"urlTemplate\":\"https:\\\/\\\/www.engagement.fr\\\/?s={search_term_string}\"},\"query-input\":{\"@type\":\"PropertyValueSpecification\",\"valueRequired\":true,\"valueName\":\"search_term_string\"}}],\"inLanguage\":\"en-GB\"},{\"@type\":\"Organization\",\"@id\":\"https:\\\/\\\/www.engagement.fr\\\/#organization\",\"name\":\"Institut de l'Engagement\",\"url\":\"https:\\\/\\\/www.engagement.fr\\\/\",\"logo\":{\"@type\":\"ImageObject\",\"inLanguage\":\"en-GB\",\"@id\":\"https:\\\/\\\/www.engagement.fr\\\/#\\\/schema\\\/logo\\\/image\\\/\",\"url\":\"https:\\\/\\\/www.engagement.fr\\\/wp-content\\\/uploads\\\/2024\\\/06\\\/Institut-de-lEngagement-Principal-Horizontal.png\",\"contentUrl\":\"https:\\\/\\\/www.engagement.fr\\\/wp-content\\\/uploads\\\/2024\\\/06\\\/Institut-de-lEngagement-Principal-Horizontal.png\",\"width\":3066,\"height\":646,\"caption\":\"Institut de l'Engagement\"},\"image\":{\"@id\":\"https:\\\/\\\/www.engagement.fr\\\/#\\\/schema\\\/logo\\\/image\\\/\"},\"sameAs\":[\"https:\\\/\\\/www.facebook.com\\\/Institut.Engagement\",\"https:\\\/\\\/x.com\\\/i_engagement\"]},{\"@type\":\"Person\",\"@id\":\"https:\\\/\\\/www.engagement.fr\\\/#\\\/schema\\\/person\\\/3dba0becc5aaeefec7fef141f0459ac3\",\"name\":\"C\u00e9cile Torrent\",\"image\":{\"@type\":\"ImageObject\",\"inLanguage\":\"en-GB\",\"@id\":\"https:\\\/\\\/secure.gravatar.com\\\/avatar\\\/840b24c18ea6041af984d3563e207a432ee596987f723896a5b1b34f3e599023?s=96&d=mm&r=g\",\"url\":\"https:\\\/\\\/secure.gravatar.com\\\/avatar\\\/840b24c18ea6041af984d3563e207a432ee596987f723896a5b1b34f3e599023?s=96&d=mm&r=g\",\"contentUrl\":\"https:\\\/\\\/secure.gravatar.com\\\/avatar\\\/840b24c18ea6041af984d3563e207a432ee596987f723896a5b1b34f3e599023?s=96&d=mm&r=g\",\"caption\":\"C\u00e9cile Torrent\"},\"url\":\"https:\\\/\\\/www.engagement.fr\\\/en\\\/author\\\/cecile-torrent\\\/\"}]}<\/script>\n<!-- \/ Yoast SEO plugin. -->","yoast_head_json":{"title":"Engagement Encounters with Elected Officials of Haute-Garonne - Institute of Engagement","robots":{"index":"index","follow":"follow","max-snippet":"max-snippet:-1","max-image-preview":"max-image-preview:large","max-video-preview":"max-video-preview:-1"},"canonical":"https:\/\/www.engagement.fr\/en\/meetings-with-elected-officials-from-haute-garonne\/","og_locale":"en_GB","og_type":"article","og_title":"Rencontres de l'engagement avec les \u00e9lus de la Haute-Garonne - Institut de l&#039;Engagement","og_description":"10 laur\u00e9ats de l'Institut b\u00e9n\u00e9ficieront du parrainage d'\u00e9lus du Conseil d\u00e9partemental de la Haute-Garonne dans le cadre des Rencontres de l\u2019Engagement.","og_url":"https:\/\/www.engagement.fr\/en\/meetings-with-elected-officials-from-haute-garonne\/","og_site_name":"Institut de l&#039;Engagement","article_publisher":"https:\/\/www.facebook.com\/Institut.Engagement","article_published_time":"2025-11-19T13:32:32+00:00","article_modified_time":"2026-02-25T12:37:20+00:00","og_image":[{"width":2048,"height":1536,"url":"https:\/\/www.engagement.fr\/wp-content\/uploads\/2025\/12\/WhatsApp-Image-2025-12-11-a-16.28.37_20d627a9.jpg","type":"image\/jpeg"}],"author":"C\u00e9cile Torrent","twitter_card":"summary_large_image","twitter_creator":"@i_engagement","twitter_site":"@i_engagement","twitter_misc":{"Written by":"C\u00e9cile Torrent","Estimated reading time":"2 minutes"},"schema":{"@context":"https:\/\/schema.org","@graph":[{"@type":"Article","@id":"https:\/\/www.engagement.fr\/rencontres-de-l-engagement-avec-les-elus-de-la-haute-garonne\/#article","isPartOf":{"@id":"https:\/\/www.engagement.fr\/rencontres-de-l-engagement-avec-les-elus-de-la-haute-garonne\/"},"author":{"name":"C\u00e9cile Torrent","@id":"https:\/\/www.engagement.fr\/#\/schema\/person\/3dba0becc5aaeefec7fef141f0459ac3"},"headline":"Rencontres de l&rsquo;engagement avec les \u00e9lus de la Haute-Garonne","datePublished":"2025-11-19T13:32:32+00:00","dateModified":"2026-02-25T12:37:20+00:00","mainEntityOfPage":{"@id":"https:\/\/www.engagement.fr\/rencontres-de-l-engagement-avec-les-elus-de-la-haute-garonne\/"},"wordCount":150,"commentCount":0,"publisher":{"@id":"https:\/\/www.engagement.fr\/#organization"},"image":{"@id":"https:\/\/www.engagement.fr\/rencontres-de-l-engagement-avec-les-elus-de-la-haute-garonne\/#primaryimage"},"thumbnailUrl":"https:\/\/www.engagement.fr\/wp-content\/uploads\/2025\/12\/WhatsApp-Image-2025-12-11-a-16.28.37_20d627a9.jpg","articleSection":["Uncategorized"],"inLanguage":"en-GB","potentialAction":[{"@type":"CommentAction","name":"Comment","target":["https:\/\/www.engagement.fr\/rencontres-de-l-engagement-avec-les-elus-de-la-haute-garonne\/#respond"]}]},{"@type":"WebPage","@id":"https:\/\/www.engagement.fr\/rencontres-de-l-engagement-avec-les-elus-de-la-haute-garonne\/","url":"https:\/\/www.engagement.fr\/rencontres-de-l-engagement-avec-les-elus-de-la-haute-garonne\/","name":"Engagement Encounters with Elected Officials of Haute-Garonne - Institute of Engagement","isPartOf":{"@id":"https:\/\/www.engagement.fr\/#website"},"primaryImageOfPage":{"@id":"https:\/\/www.engagement.fr\/rencontres-de-l-engagement-avec-les-elus-de-la-haute-garonne\/#primaryimage"},"image":{"@id":"https:\/\/www.engagement.fr\/rencontres-de-l-engagement-avec-les-elus-de-la-haute-garonne\/#primaryimage"},"thumbnailUrl":"https:\/\/www.engagement.fr\/wp-content\/uploads\/2025\/12\/WhatsApp-Image-2025-12-11-a-16.28.37_20d627a9.jpg","datePublished":"2025-11-19T13:32:32+00:00","dateModified":"2026-02-25T12:37:20+00:00","breadcrumb":{"@id":"https:\/\/www.engagement.fr\/rencontres-de-l-engagement-avec-les-elus-de-la-haute-garonne\/#breadcrumb"},"inLanguage":"en-GB","potentialAction":[{"@type":"ReadAction","target":["https:\/\/www.engagement.fr\/rencontres-de-l-engagement-avec-les-elus-de-la-haute-garonne\/"]}]},{"@type":"ImageObject","inLanguage":"en-GB","@id":"https:\/\/www.engagement.fr\/rencontres-de-l-engagement-avec-les-elus-de-la-haute-garonne\/#primaryimage","url":"https:\/\/www.engagement.fr\/wp-content\/uploads\/2025\/12\/WhatsApp-Image-2025-12-11-a-16.28.37_20d627a9.jpg","contentUrl":"https:\/\/www.engagement.fr\/wp-content\/uploads\/2025\/12\/WhatsApp-Image-2025-12-11-a-16.28.37_20d627a9.jpg","width":2048,"height":1536},{"@type":"BreadcrumbList","@id":"https:\/\/www.engagement.fr\/rencontres-de-l-engagement-avec-les-elus-de-la-haute-garonne\/#breadcrumb","itemListElement":[{"@type":"ListItem","position":1,"name":"Accueil","item":"https:\/\/www.engagement.fr\/"},{"@type":"ListItem","position":2,"name":"Rencontres de l&rsquo;engagement avec les \u00e9lus de la Haute-Garonne"}]},{"@type":"WebSite","@id":"https:\/\/www.engagement.fr\/#website","url":"https:\/\/www.engagement.fr\/","name":"Institute of Commitment","description":"","publisher":{"@id":"https:\/\/www.engagement.fr\/#organization"},"potentialAction":[{"@type":"SearchAction","target":{"@type":"EntryPoint","urlTemplate":"https:\/\/www.engagement.fr\/?s={search_term_string}"},"query-input":{"@type":"PropertyValueSpecification","valueRequired":true,"valueName":"search_term_string"}}],"inLanguage":"en-GB"},{"@type":"Organization","@id":"https:\/\/www.engagement.fr\/#organization","name":"Institute of Commitment","url":"https:\/\/www.engagement.fr\/","logo":{"@type":"ImageObject","inLanguage":"en-GB","@id":"https:\/\/www.engagement.fr\/#\/schema\/logo\/image\/","url":"https:\/\/www.engagement.fr\/wp-content\/uploads\/2024\/06\/Institut-de-lEngagement-Principal-Horizontal.png","contentUrl":"https:\/\/www.engagement.fr\/wp-content\/uploads\/2024\/06\/Institut-de-lEngagement-Principal-Horizontal.png","width":3066,"height":646,"caption":"Institut de l'Engagement"},"image":{"@id":"https:\/\/www.engagement.fr\/#\/schema\/logo\/image\/"},"sameAs":["https:\/\/www.facebook.com\/Institut.Engagement","https:\/\/x.com\/i_engagement"]},{"@type":"Person","@id":"https:\/\/www.engagement.fr\/#\/schema\/person\/3dba0becc5aaeefec7fef141f0459ac3","name":"C\u00e9cile Torrent","image":{"@type":"ImageObject","inLanguage":"en-GB","@id":"https:\/\/secure.gravatar.com\/avatar\/840b24c18ea6041af984d3563e207a432ee596987f723896a5b1b34f3e599023?s=96&d=mm&r=g","url":"https:\/\/secure.gravatar.com\/avatar\/840b24c18ea6041af984d3563e207a432ee596987f723896a5b1b34f3e599023?s=96&d=mm&r=g","contentUrl":"https:\/\/secure.gravatar.com\/avatar\/840b24c18ea6041af984d3563e207a432ee596987f723896a5b1b34f3e599023?s=96&d=mm&r=g","caption":"C\u00e9cile Torrent"},"url":"https:\/\/www.engagement.fr\/en\/author\/cecile-torrent\/"}]}},"_links":{"self":[{"href":"https:\/\/www.engagement.fr\/en\/wp-json\/wp\/v2\/posts\/15663","targetHints":{"allow":["GET"]}}],"collection":[{"href":"https:\/\/www.engagement.fr\/en\/wp-json\/wp\/v2\/posts"}],"about":[{"href":"https:\/\/www.engagement.fr\/en\/wp-json\/wp\/v2\/types\/post"}],"author":[{"embeddable":true,"href":"https:\/\/www.engagement.fr\/en\/wp-json\/wp\/v2\/users\/3"}],"replies":[{"embeddable":true,"href":"https:\/\/www.engagement.fr\/en\/wp-json\/wp\/v2\/comments?post=15663"}],"version-history":[{"count":6,"href":"https:\/\/www.engagement.fr\/en\/wp-json\/wp\/v2\/posts\/15663\/revisions"}],"predecessor-version":[{"id":16503,"href":"https:\/\/www.engagement.fr\/en\/wp-json\/wp\/v2\/posts\/15663\/revisions\/16503"}],"wp:featuredmedia":[{"embeddable":true,"href":"https:\/\/www.engagement.fr\/en\/wp-json\/wp\/v2\/media\/15664"}],"wp:attachment":[{"href":"https:\/\/www.engagement.fr\/en\/wp-json\/wp\/v2\/media?parent=15663"}],"wp:term":[{"taxonomy":"category","embeddable":true,"href":"https:\/\/www.engagement.fr\/en\/wp-json\/wp\/v2\/categories?post=15663"},{"taxonomy":"post_tag","embeddable":true,"href":"https:\/\/www.engagement.fr\/en\/wp-json\/wp\/v2\/tags?post=15663"}],"curies":[{"name":"wp","href":"https:\/\/api.w.org\/{rel}","templated":true}]}}