{"id":14623,"date":"2025-07-22T14:26:12","date_gmt":"2025-07-22T14:26:12","guid":{"rendered":"https:\/\/www.engagement.fr\/?p=14623"},"modified":"2025-07-22T14:36:11","modified_gmt":"2025-07-22T14:36:11","slug":"retour-en-images-sur-luniversite-et-le-campus-de-lengagement-dete-a-poitiers","status":"publish","type":"post","link":"https:\/\/www.engagement.fr\/en\/retour-en-images-sur-luniversite-et-le-campus-de-lengagement-dete-a-poitiers\/","title":{"rendered":"A look back at the Summer Engagement University and Campus in Poitiers"},"content":{"rendered":"<div data-elementor-type=\"wp-post\" data-elementor-id=\"14623\" class=\"elementor elementor-14623\" data-elementor-post-type=\"post\">\n\t\t\t\t<div class=\"elementor-element elementor-element-569b0a3 e-con-full e-flex e-con e-parent\" data-id=\"569b0a3\" data-element_type=\"container\" data-e-type=\"container\" data-settings=\"{&quot;background_background&quot;:&quot;classic&quot;,&quot;background_motion_fx_motion_fx_mouse&quot;:&quot;yes&quot;,&quot;background_motion_fx_mouseTrack_effect&quot;:&quot;yes&quot;,&quot;background_motion_fx_mouseTrack_speed&quot;:{&quot;unit&quot;:&quot;px&quot;,&quot;size&quot;:1,&quot;sizes&quot;:[]}}\">\n\t\t<div class=\"elementor-element elementor-element-64616b5 e-flex e-con-boxed e-con e-child\" data-id=\"64616b5\" data-element_type=\"container\" data-e-type=\"container\" data-settings=\"{&quot;background_background&quot;:&quot;classic&quot;}\">\n\t\t\t\t\t<div class=\"e-con-inner\">\n\t\t<div class=\"elementor-element elementor-element-c38a6a3 e-con-full e-flex e-con e-child\" data-id=\"c38a6a3\" data-element_type=\"container\" data-e-type=\"container\">\n\t\t\t\t<div class=\"elementor-element elementor-element-211f1f6 elementor-invisible elementor-widget elementor-widget-text-editor\" data-id=\"211f1f6\" data-element_type=\"widget\" data-e-type=\"widget\" data-settings=\"{&quot;_animation&quot;:&quot;fadeIn&quot;,&quot;_animation_delay&quot;:500}\" data-widget_type=\"text-editor.default\">\n\t\t\t\t<div class=\"elementor-widget-container\">\n\t\t\t\t\t\t\t\t\tJuly 22, 2025\t\t\t\t\t\t\t\t<\/div>\n\t\t\t\t<\/div>\n\t\t\t\t<div class=\"elementor-element elementor-element-fc5633f elementor-widget-divider--view-line elementor-invisible elementor-widget elementor-widget-divider\" data-id=\"fc5633f\" data-element_type=\"widget\" data-e-type=\"widget\" data-settings=\"{&quot;_animation&quot;:&quot;fadeInUp&quot;}\" data-widget_type=\"divider.default\">\n\t\t\t\t<div class=\"elementor-widget-container\">\n\t\t\t\t\t\t\t<div class=\"elementor-divider\">\n\t\t\t<span class=\"elementor-divider-separator\">\n\t\t\t\t\t\t<\/span>\n\t\t<\/div>\n\t\t\t\t\t\t<\/div>\n\t\t\t\t<\/div>\n\t\t\t\t<div class=\"elementor-element elementor-element-c783a2c elementor-invisible elementor-widget elementor-widget-heading\" data-id=\"c783a2c\" data-element_type=\"widget\" data-e-type=\"widget\" data-settings=\"{&quot;_animation&quot;:&quot;fadeInUp&quot;}\" data-widget_type=\"heading.default\">\n\t\t\t\t<div class=\"elementor-widget-container\">\n\t\t\t\t\t<h1 class=\"elementor-heading-title elementor-size-default\">6 jours, 11 conf\u00e9rences, des dizaines d'ateliers, avec plus de 100 laur\u00e9ats<\/h1>\t\t\t\t<\/div>\n\t\t\t\t<\/div>\n\t\t<div class=\"elementor-element elementor-element-6a2c7aa e-flex e-con-boxed e-con e-child\" data-id=\"6a2c7aa\" data-element_type=\"container\" data-e-type=\"container\">\n\t\t\t\t\t<div class=\"e-con-inner\">\n\t\t\t\t<div class=\"elementor-element elementor-element-8ee00c1 elementor-align-center elementor-invisible elementor-widget elementor-widget-lottie\" data-id=\"8ee00c1\" data-element_type=\"widget\" data-e-type=\"widget\" data-settings=\"{&quot;source_json&quot;:{&quot;url&quot;:&quot;https:\\\/\\\/www.engagement.fr\\\/wp-content\\\/uploads\\\/2024\\\/03\\\/2810-arrow-down.json&quot;,&quot;id&quot;:1401,&quot;size&quot;:&quot;&quot;,&quot;alt&quot;:&quot;&quot;,&quot;source&quot;:&quot;library&quot;},&quot;loop&quot;:&quot;yes&quot;,&quot;_animation&quot;:&quot;fadeIn&quot;,&quot;_animation_delay&quot;:600,&quot;source&quot;:&quot;media_file&quot;,&quot;caption_source&quot;:&quot;none&quot;,&quot;link_to&quot;:&quot;none&quot;,&quot;trigger&quot;:&quot;arriving_to_viewport&quot;,&quot;viewport&quot;:{&quot;unit&quot;:&quot;%&quot;,&quot;size&quot;:&quot;&quot;,&quot;sizes&quot;:{&quot;start&quot;:0,&quot;end&quot;:100}},&quot;play_speed&quot;:{&quot;unit&quot;:&quot;px&quot;,&quot;size&quot;:1,&quot;sizes&quot;:[]},&quot;start_point&quot;:{&quot;unit&quot;:&quot;%&quot;,&quot;size&quot;:0,&quot;sizes&quot;:[]},&quot;end_point&quot;:{&quot;unit&quot;:&quot;%&quot;,&quot;size&quot;:100,&quot;sizes&quot;:[]},&quot;renderer&quot;:&quot;svg&quot;}\" data-widget_type=\"lottie.default\">\n\t\t\t\t<div class=\"elementor-widget-container\">\n\t\t\t\t\t<div class=\"e-lottie__container\"><div class=\"e-lottie__animation\"><\/div><\/div>\t\t\t\t<\/div>\n\t\t\t\t<\/div>\n\t\t\t\t\t<\/div>\n\t\t\t\t<\/div>\n\t\t\t\t<\/div>\n\t\t\t\t\t<\/div>\n\t\t\t\t<\/div>\n\t\t\t\t<\/div>\n\t\t<div class=\"elementor-element elementor-element-e8ab51a e-flex e-con-boxed e-con e-parent\" data-id=\"e8ab51a\" data-element_type=\"container\" data-e-type=\"container\" data-settings=\"{&quot;background_background&quot;:&quot;classic&quot;}\">\n\t\t\t\t\t<div class=\"e-con-inner\">\n\t\t\t\t<div class=\"elementor-element elementor-element-50317e3 elementor-widget elementor-widget-text-editor\" data-id=\"50317e3\" data-element_type=\"widget\" data-e-type=\"widget\" data-widget_type=\"text-editor.default\">\n\t\t\t\t<div class=\"elementor-widget-container\">\n\t\t\t\t\t\t\t\t\t<p>R\u00e9unis et h\u00e9berg\u00e9s sur le campus de l&rsquo;Universit\u00e9 de Poitiers, les laur\u00e9ats de la promotion de printemps 2025 de l&rsquo;Institut de l&rsquo;Engagement ont pu pleinement profiter du programme de conf\u00e9rences et d&rsquo;ateliers propos\u00e9s dans le cadre de l&rsquo;Universit\u00e9 et du Campus de l&rsquo;Engagement d&rsquo;\u00e9t\u00e9, pour la premi\u00e8re fois \u00e0 Poitiers.<br \/>Retour en photos.<\/p>\t\t\t\t\t\t\t\t<\/div>\n\t\t\t\t<\/div>\n\t\t\t\t<div class=\"elementor-element elementor-element-13a4c05 elementor-widget elementor-widget-image\" data-id=\"13a4c05\" data-element_type=\"widget\" data-e-type=\"widget\" data-widget_type=\"image.default\">\n\t\t\t\t<div class=\"elementor-widget-container\">\n\t\t\t\t\t\t\t\t\t\t\t\t\t\t\t<img fetchpriority=\"high\" decoding=\"async\" width=\"2048\" height=\"1514\" src=\"https:\/\/www.engagement.fr\/wp-content\/uploads\/2025\/07\/1.jpg\" class=\"attachment-full size-full wp-image-14624\" alt=\"\" srcset=\"https:\/\/www.engagement.fr\/wp-content\/uploads\/2025\/07\/1.jpg 2048w, https:\/\/www.engagement.fr\/wp-content\/uploads\/2025\/07\/1-300x222.jpg 300w, https:\/\/www.engagement.fr\/wp-content\/uploads\/2025\/07\/1-1024x757.jpg 1024w, https:\/\/www.engagement.fr\/wp-content\/uploads\/2025\/07\/1-768x568.jpg 768w, https:\/\/www.engagement.fr\/wp-content\/uploads\/2025\/07\/1-1536x1136.jpg 1536w, https:\/\/www.engagement.fr\/wp-content\/uploads\/2025\/07\/1-16x12.jpg 16w\" sizes=\"(max-width: 2048px) 100vw, 2048px\" \/>\t\t\t\t\t\t\t\t\t\t\t\t\t\t\t<\/div>\n\t\t\t\t<\/div>\n\t\t\t\t<div class=\"elementor-element elementor-element-ae2ecbb elementor-widget elementor-widget-image\" data-id=\"ae2ecbb\" data-element_type=\"widget\" data-e-type=\"widget\" data-widget_type=\"image.default\">\n\t\t\t\t<div class=\"elementor-widget-container\">\n\t\t\t\t\t\t\t\t\t\t\t\t\t\t\t<img decoding=\"async\" width=\"2048\" height=\"1365\" src=\"https:\/\/www.engagement.fr\/wp-content\/uploads\/2025\/07\/2.jpg\" class=\"attachment-full size-full wp-image-14625\" alt=\"\" srcset=\"https:\/\/www.engagement.fr\/wp-content\/uploads\/2025\/07\/2.jpg 2048w, https:\/\/www.engagement.fr\/wp-content\/uploads\/2025\/07\/2-300x200.jpg 300w, https:\/\/www.engagement.fr\/wp-content\/uploads\/2025\/07\/2-1024x683.jpg 1024w, https:\/\/www.engagement.fr\/wp-content\/uploads\/2025\/07\/2-768x512.jpg 768w, https:\/\/www.engagement.fr\/wp-content\/uploads\/2025\/07\/2-1536x1024.jpg 1536w, https:\/\/www.engagement.fr\/wp-content\/uploads\/2025\/07\/2-18x12.jpg 18w\" sizes=\"(max-width: 2048px) 100vw, 2048px\" \/>\t\t\t\t\t\t\t\t\t\t\t\t\t\t\t<\/div>\n\t\t\t\t<\/div>\n\t\t\t\t<div class=\"elementor-element elementor-element-ade84d4 elementor-widget elementor-widget-image\" data-id=\"ade84d4\" data-element_type=\"widget\" data-e-type=\"widget\" data-widget_type=\"image.default\">\n\t\t\t\t<div class=\"elementor-widget-container\">\n\t\t\t\t\t\t\t\t\t\t\t\t\t\t\t<img decoding=\"async\" width=\"2048\" height=\"1365\" src=\"https:\/\/www.engagement.fr\/wp-content\/uploads\/2025\/07\/3.jpg\" class=\"attachment-full size-full wp-image-14626\" alt=\"\" srcset=\"https:\/\/www.engagement.fr\/wp-content\/uploads\/2025\/07\/3.jpg 2048w, https:\/\/www.engagement.fr\/wp-content\/uploads\/2025\/07\/3-300x200.jpg 300w, https:\/\/www.engagement.fr\/wp-content\/uploads\/2025\/07\/3-1024x683.jpg 1024w, https:\/\/www.engagement.fr\/wp-content\/uploads\/2025\/07\/3-768x512.jpg 768w, https:\/\/www.engagement.fr\/wp-content\/uploads\/2025\/07\/3-1536x1024.jpg 1536w, https:\/\/www.engagement.fr\/wp-content\/uploads\/2025\/07\/3-18x12.jpg 18w\" sizes=\"(max-width: 2048px) 100vw, 2048px\" \/>\t\t\t\t\t\t\t\t\t\t\t\t\t\t\t<\/div>\n\t\t\t\t<\/div>\n\t\t\t\t<div class=\"elementor-element elementor-element-8f818da elementor-widget elementor-widget-image\" data-id=\"8f818da\" data-element_type=\"widget\" data-e-type=\"widget\" data-widget_type=\"image.default\">\n\t\t\t\t<div class=\"elementor-widget-container\">\n\t\t\t\t\t\t\t\t\t\t\t\t\t\t\t<img loading=\"lazy\" decoding=\"async\" width=\"2048\" height=\"1386\" src=\"https:\/\/www.engagement.fr\/wp-content\/uploads\/2025\/07\/4.jpg\" class=\"attachment-full size-full wp-image-14627\" alt=\"\" srcset=\"https:\/\/www.engagement.fr\/wp-content\/uploads\/2025\/07\/4.jpg 2048w, https:\/\/www.engagement.fr\/wp-content\/uploads\/2025\/07\/4-300x203.jpg 300w, https:\/\/www.engagement.fr\/wp-content\/uploads\/2025\/07\/4-1024x693.jpg 1024w, https:\/\/www.engagement.fr\/wp-content\/uploads\/2025\/07\/4-768x520.jpg 768w, https:\/\/www.engagement.fr\/wp-content\/uploads\/2025\/07\/4-1536x1040.jpg 1536w, https:\/\/www.engagement.fr\/wp-content\/uploads\/2025\/07\/4-18x12.jpg 18w\" sizes=\"(max-width: 2048px) 100vw, 2048px\" \/>\t\t\t\t\t\t\t\t\t\t\t\t\t\t\t<\/div>\n\t\t\t\t<\/div>\n\t\t\t\t<div class=\"elementor-element elementor-element-38fe0dc elementor-widget elementor-widget-image\" data-id=\"38fe0dc\" data-element_type=\"widget\" data-e-type=\"widget\" data-widget_type=\"image.default\">\n\t\t\t\t<div class=\"elementor-widget-container\">\n\t\t\t\t\t\t\t\t\t\t\t\t\t\t\t<img loading=\"lazy\" decoding=\"async\" width=\"2048\" height=\"1365\" src=\"https:\/\/www.engagement.fr\/wp-content\/uploads\/2025\/07\/5.jpg\" class=\"attachment-full size-full wp-image-14628\" alt=\"\" srcset=\"https:\/\/www.engagement.fr\/wp-content\/uploads\/2025\/07\/5.jpg 2048w, https:\/\/www.engagement.fr\/wp-content\/uploads\/2025\/07\/5-300x200.jpg 300w, https:\/\/www.engagement.fr\/wp-content\/uploads\/2025\/07\/5-1024x683.jpg 1024w, https:\/\/www.engagement.fr\/wp-content\/uploads\/2025\/07\/5-768x512.jpg 768w, https:\/\/www.engagement.fr\/wp-content\/uploads\/2025\/07\/5-1536x1024.jpg 1536w, https:\/\/www.engagement.fr\/wp-content\/uploads\/2025\/07\/5-18x12.jpg 18w\" sizes=\"(max-width: 2048px) 100vw, 2048px\" \/>\t\t\t\t\t\t\t\t\t\t\t\t\t\t\t<\/div>\n\t\t\t\t<\/div>\n\t\t\t\t<div class=\"elementor-element elementor-element-bd0d254 elementor-widget elementor-widget-image\" data-id=\"bd0d254\" data-element_type=\"widget\" data-e-type=\"widget\" data-widget_type=\"image.default\">\n\t\t\t\t<div class=\"elementor-widget-container\">\n\t\t\t\t\t\t\t\t\t\t\t\t\t\t\t<img loading=\"lazy\" decoding=\"async\" width=\"2048\" height=\"1365\" src=\"https:\/\/www.engagement.fr\/wp-content\/uploads\/2025\/07\/6.jpg\" class=\"attachment-full size-full wp-image-14629\" alt=\"\" srcset=\"https:\/\/www.engagement.fr\/wp-content\/uploads\/2025\/07\/6.jpg 2048w, https:\/\/www.engagement.fr\/wp-content\/uploads\/2025\/07\/6-300x200.jpg 300w, https:\/\/www.engagement.fr\/wp-content\/uploads\/2025\/07\/6-1024x683.jpg 1024w, https:\/\/www.engagement.fr\/wp-content\/uploads\/2025\/07\/6-768x512.jpg 768w, https:\/\/www.engagement.fr\/wp-content\/uploads\/2025\/07\/6-1536x1024.jpg 1536w, https:\/\/www.engagement.fr\/wp-content\/uploads\/2025\/07\/6-18x12.jpg 18w\" sizes=\"(max-width: 2048px) 100vw, 2048px\" \/>\t\t\t\t\t\t\t\t\t\t\t\t\t\t\t<\/div>\n\t\t\t\t<\/div>\n\t\t\t\t<div class=\"elementor-element elementor-element-797f1b4 elementor-widget elementor-widget-image\" data-id=\"797f1b4\" data-element_type=\"widget\" data-e-type=\"widget\" data-widget_type=\"image.default\">\n\t\t\t\t<div class=\"elementor-widget-container\">\n\t\t\t\t\t\t\t\t\t\t\t\t\t\t\t<img loading=\"lazy\" decoding=\"async\" width=\"2048\" height=\"1550\" src=\"https:\/\/www.engagement.fr\/wp-content\/uploads\/2025\/07\/8.jpg\" class=\"attachment-full size-full wp-image-14631\" alt=\"\" srcset=\"https:\/\/www.engagement.fr\/wp-content\/uploads\/2025\/07\/8.jpg 2048w, https:\/\/www.engagement.fr\/wp-content\/uploads\/2025\/07\/8-300x227.jpg 300w, https:\/\/www.engagement.fr\/wp-content\/uploads\/2025\/07\/8-1024x775.jpg 1024w, https:\/\/www.engagement.fr\/wp-content\/uploads\/2025\/07\/8-768x581.jpg 768w, https:\/\/www.engagement.fr\/wp-content\/uploads\/2025\/07\/8-1536x1163.jpg 1536w, https:\/\/www.engagement.fr\/wp-content\/uploads\/2025\/07\/8-16x12.jpg 16w\" sizes=\"(max-width: 2048px) 100vw, 2048px\" \/>\t\t\t\t\t\t\t\t\t\t\t\t\t\t\t<\/div>\n\t\t\t\t<\/div>\n\t\t\t\t<div class=\"elementor-element elementor-element-48e3a6f elementor-widget elementor-widget-image\" data-id=\"48e3a6f\" data-element_type=\"widget\" data-e-type=\"widget\" data-widget_type=\"image.default\">\n\t\t\t\t<div class=\"elementor-widget-container\">\n\t\t\t\t\t\t\t\t\t\t\t\t\t\t\t<img loading=\"lazy\" decoding=\"async\" width=\"2048\" height=\"1365\" src=\"https:\/\/www.engagement.fr\/wp-content\/uploads\/2025\/07\/9.jpg\" class=\"attachment-full size-full wp-image-14632\" alt=\"\" srcset=\"https:\/\/www.engagement.fr\/wp-content\/uploads\/2025\/07\/9.jpg 2048w, https:\/\/www.engagement.fr\/wp-content\/uploads\/2025\/07\/9-300x200.jpg 300w, https:\/\/www.engagement.fr\/wp-content\/uploads\/2025\/07\/9-1024x683.jpg 1024w, https:\/\/www.engagement.fr\/wp-content\/uploads\/2025\/07\/9-768x512.jpg 768w, https:\/\/www.engagement.fr\/wp-content\/uploads\/2025\/07\/9-1536x1024.jpg 1536w, https:\/\/www.engagement.fr\/wp-content\/uploads\/2025\/07\/9-18x12.jpg 18w\" sizes=\"(max-width: 2048px) 100vw, 2048px\" \/>\t\t\t\t\t\t\t\t\t\t\t\t\t\t\t<\/div>\n\t\t\t\t<\/div>\n\t\t\t\t<div class=\"elementor-element elementor-element-9f0e53f elementor-widget elementor-widget-image\" data-id=\"9f0e53f\" data-element_type=\"widget\" data-e-type=\"widget\" data-widget_type=\"image.default\">\n\t\t\t\t<div class=\"elementor-widget-container\">\n\t\t\t\t\t\t\t\t\t\t\t\t\t\t\t<img loading=\"lazy\" decoding=\"async\" width=\"1365\" height=\"2048\" src=\"https:\/\/www.engagement.fr\/wp-content\/uploads\/2025\/07\/10.jpg\" class=\"attachment-full size-full wp-image-14633\" alt=\"\" srcset=\"https:\/\/www.engagement.fr\/wp-content\/uploads\/2025\/07\/10.jpg 1365w, https:\/\/www.engagement.fr\/wp-content\/uploads\/2025\/07\/10-200x300.jpg 200w, https:\/\/www.engagement.fr\/wp-content\/uploads\/2025\/07\/10-683x1024.jpg 683w, https:\/\/www.engagement.fr\/wp-content\/uploads\/2025\/07\/10-768x1152.jpg 768w, https:\/\/www.engagement.fr\/wp-content\/uploads\/2025\/07\/10-1024x1536.jpg 1024w, https:\/\/www.engagement.fr\/wp-content\/uploads\/2025\/07\/10-8x12.jpg 8w\" sizes=\"(max-width: 1365px) 100vw, 1365px\" \/>\t\t\t\t\t\t\t\t\t\t\t\t\t\t\t<\/div>\n\t\t\t\t<\/div>\n\t\t\t\t<div class=\"elementor-element elementor-element-dcd67ca elementor-widget elementor-widget-image\" data-id=\"dcd67ca\" data-element_type=\"widget\" data-e-type=\"widget\" data-widget_type=\"image.default\">\n\t\t\t\t<div class=\"elementor-widget-container\">\n\t\t\t\t\t\t\t\t\t\t\t\t\t\t\t<img loading=\"lazy\" decoding=\"async\" width=\"2048\" height=\"1365\" src=\"https:\/\/www.engagement.fr\/wp-content\/uploads\/2025\/07\/11.jpg\" class=\"attachment-full size-full wp-image-14634\" alt=\"\" srcset=\"https:\/\/www.engagement.fr\/wp-content\/uploads\/2025\/07\/11.jpg 2048w, https:\/\/www.engagement.fr\/wp-content\/uploads\/2025\/07\/11-300x200.jpg 300w, https:\/\/www.engagement.fr\/wp-content\/uploads\/2025\/07\/11-1024x683.jpg 1024w, https:\/\/www.engagement.fr\/wp-content\/uploads\/2025\/07\/11-768x512.jpg 768w, https:\/\/www.engagement.fr\/wp-content\/uploads\/2025\/07\/11-1536x1024.jpg 1536w, https:\/\/www.engagement.fr\/wp-content\/uploads\/2025\/07\/11-18x12.jpg 18w\" sizes=\"(max-width: 2048px) 100vw, 2048px\" \/>\t\t\t\t\t\t\t\t\t\t\t\t\t\t\t<\/div>\n\t\t\t\t<\/div>\n\t\t\t\t<div class=\"elementor-element elementor-element-2354661 elementor-widget elementor-widget-image\" data-id=\"2354661\" data-element_type=\"widget\" data-e-type=\"widget\" data-widget_type=\"image.default\">\n\t\t\t\t<div class=\"elementor-widget-container\">\n\t\t\t\t\t\t\t\t\t\t\t\t\t\t\t<img loading=\"lazy\" decoding=\"async\" width=\"2048\" height=\"1365\" src=\"https:\/\/www.engagement.fr\/wp-content\/uploads\/2025\/07\/12.jpg\" class=\"attachment-full size-full wp-image-14635\" alt=\"\" srcset=\"https:\/\/www.engagement.fr\/wp-content\/uploads\/2025\/07\/12.jpg 2048w, https:\/\/www.engagement.fr\/wp-content\/uploads\/2025\/07\/12-300x200.jpg 300w, https:\/\/www.engagement.fr\/wp-content\/uploads\/2025\/07\/12-1024x683.jpg 1024w, https:\/\/www.engagement.fr\/wp-content\/uploads\/2025\/07\/12-768x512.jpg 768w, https:\/\/www.engagement.fr\/wp-content\/uploads\/2025\/07\/12-1536x1024.jpg 1536w, https:\/\/www.engagement.fr\/wp-content\/uploads\/2025\/07\/12-18x12.jpg 18w\" sizes=\"(max-width: 2048px) 100vw, 2048px\" \/>\t\t\t\t\t\t\t\t\t\t\t\t\t\t\t<\/div>\n\t\t\t\t<\/div>\n\t\t\t\t<div class=\"elementor-element elementor-element-dbc6bc4 elementor-widget elementor-widget-image\" data-id=\"dbc6bc4\" data-element_type=\"widget\" data-e-type=\"widget\" data-widget_type=\"image.default\">\n\t\t\t\t<div class=\"elementor-widget-container\">\n\t\t\t\t\t\t\t\t\t\t\t\t\t\t\t<img loading=\"lazy\" decoding=\"async\" width=\"2048\" height=\"1544\" src=\"https:\/\/www.engagement.fr\/wp-content\/uploads\/2025\/07\/13.jpg\" class=\"attachment-full size-full wp-image-14636\" alt=\"\" srcset=\"https:\/\/www.engagement.fr\/wp-content\/uploads\/2025\/07\/13.jpg 2048w, https:\/\/www.engagement.fr\/wp-content\/uploads\/2025\/07\/13-300x226.jpg 300w, https:\/\/www.engagement.fr\/wp-content\/uploads\/2025\/07\/13-1024x772.jpg 1024w, https:\/\/www.engagement.fr\/wp-content\/uploads\/2025\/07\/13-768x579.jpg 768w, https:\/\/www.engagement.fr\/wp-content\/uploads\/2025\/07\/13-1536x1158.jpg 1536w, https:\/\/www.engagement.fr\/wp-content\/uploads\/2025\/07\/13-16x12.jpg 16w\" sizes=\"(max-width: 2048px) 100vw, 2048px\" \/>\t\t\t\t\t\t\t\t\t\t\t\t\t\t\t<\/div>\n\t\t\t\t<\/div>\n\t\t\t\t<div class=\"elementor-element elementor-element-20a5db9 elementor-widget elementor-widget-image\" data-id=\"20a5db9\" data-element_type=\"widget\" data-e-type=\"widget\" data-widget_type=\"image.default\">\n\t\t\t\t<div class=\"elementor-widget-container\">\n\t\t\t\t\t\t\t\t\t\t\t\t\t\t\t<img loading=\"lazy\" decoding=\"async\" width=\"2048\" height=\"1365\" src=\"https:\/\/www.engagement.fr\/wp-content\/uploads\/2025\/07\/14.jpg\" class=\"attachment-full size-full wp-image-14637\" alt=\"\" srcset=\"https:\/\/www.engagement.fr\/wp-content\/uploads\/2025\/07\/14.jpg 2048w, https:\/\/www.engagement.fr\/wp-content\/uploads\/2025\/07\/14-300x200.jpg 300w, https:\/\/www.engagement.fr\/wp-content\/uploads\/2025\/07\/14-1024x683.jpg 1024w, https:\/\/www.engagement.fr\/wp-content\/uploads\/2025\/07\/14-768x512.jpg 768w, https:\/\/www.engagement.fr\/wp-content\/uploads\/2025\/07\/14-1536x1024.jpg 1536w, https:\/\/www.engagement.fr\/wp-content\/uploads\/2025\/07\/14-18x12.jpg 18w\" sizes=\"(max-width: 2048px) 100vw, 2048px\" \/>\t\t\t\t\t\t\t\t\t\t\t\t\t\t\t<\/div>\n\t\t\t\t<\/div>\n\t\t\t\t<div class=\"elementor-element elementor-element-0785b00 elementor-widget elementor-widget-image\" data-id=\"0785b00\" data-element_type=\"widget\" data-e-type=\"widget\" data-widget_type=\"image.default\">\n\t\t\t\t<div class=\"elementor-widget-container\">\n\t\t\t\t\t\t\t\t\t\t\t\t\t\t\t<img loading=\"lazy\" decoding=\"async\" width=\"2048\" height=\"1365\" src=\"https:\/\/www.engagement.fr\/wp-content\/uploads\/2025\/07\/16.jpg\" class=\"attachment-full size-full wp-image-14639\" alt=\"\" srcset=\"https:\/\/www.engagement.fr\/wp-content\/uploads\/2025\/07\/16.jpg 2048w, https:\/\/www.engagement.fr\/wp-content\/uploads\/2025\/07\/16-300x200.jpg 300w, https:\/\/www.engagement.fr\/wp-content\/uploads\/2025\/07\/16-1024x683.jpg 1024w, https:\/\/www.engagement.fr\/wp-content\/uploads\/2025\/07\/16-768x512.jpg 768w, https:\/\/www.engagement.fr\/wp-content\/uploads\/2025\/07\/16-1536x1024.jpg 1536w, https:\/\/www.engagement.fr\/wp-content\/uploads\/2025\/07\/16-18x12.jpg 18w\" sizes=\"(max-width: 2048px) 100vw, 2048px\" \/>\t\t\t\t\t\t\t\t\t\t\t\t\t\t\t<\/div>\n\t\t\t\t<\/div>\n\t\t\t\t<div class=\"elementor-element elementor-element-5dfa319 elementor-widget elementor-widget-image\" data-id=\"5dfa319\" data-element_type=\"widget\" data-e-type=\"widget\" data-widget_type=\"image.default\">\n\t\t\t\t<div class=\"elementor-widget-container\">\n\t\t\t\t\t\t\t\t\t\t\t\t\t\t\t<img loading=\"lazy\" decoding=\"async\" width=\"2048\" height=\"1365\" src=\"https:\/\/www.engagement.fr\/wp-content\/uploads\/2025\/07\/15.jpg\" class=\"attachment-full size-full wp-image-14638\" alt=\"\" srcset=\"https:\/\/www.engagement.fr\/wp-content\/uploads\/2025\/07\/15.jpg 2048w, https:\/\/www.engagement.fr\/wp-content\/uploads\/2025\/07\/15-300x200.jpg 300w, https:\/\/www.engagement.fr\/wp-content\/uploads\/2025\/07\/15-1024x683.jpg 1024w, https:\/\/www.engagement.fr\/wp-content\/uploads\/2025\/07\/15-768x512.jpg 768w, https:\/\/www.engagement.fr\/wp-content\/uploads\/2025\/07\/15-1536x1024.jpg 1536w, https:\/\/www.engagement.fr\/wp-content\/uploads\/2025\/07\/15-18x12.jpg 18w\" sizes=\"(max-width: 2048px) 100vw, 2048px\" \/>\t\t\t\t\t\t\t\t\t\t\t\t\t\t\t<\/div>\n\t\t\t\t<\/div>\n\t\t\t\t<div class=\"elementor-element elementor-element-994c93f elementor-widget elementor-widget-image\" data-id=\"994c93f\" data-element_type=\"widget\" data-e-type=\"widget\" data-widget_type=\"image.default\">\n\t\t\t\t<div class=\"elementor-widget-container\">\n\t\t\t\t\t\t\t\t\t\t\t\t\t\t\t<img loading=\"lazy\" decoding=\"async\" width=\"2048\" height=\"1365\" src=\"https:\/\/www.engagement.fr\/wp-content\/uploads\/2025\/07\/17.jpg\" class=\"attachment-full size-full wp-image-14640\" alt=\"\" srcset=\"https:\/\/www.engagement.fr\/wp-content\/uploads\/2025\/07\/17.jpg 2048w, https:\/\/www.engagement.fr\/wp-content\/uploads\/2025\/07\/17-300x200.jpg 300w, https:\/\/www.engagement.fr\/wp-content\/uploads\/2025\/07\/17-1024x683.jpg 1024w, https:\/\/www.engagement.fr\/wp-content\/uploads\/2025\/07\/17-768x512.jpg 768w, https:\/\/www.engagement.fr\/wp-content\/uploads\/2025\/07\/17-1536x1024.jpg 1536w, https:\/\/www.engagement.fr\/wp-content\/uploads\/2025\/07\/17-18x12.jpg 18w\" sizes=\"(max-width: 2048px) 100vw, 2048px\" \/>\t\t\t\t\t\t\t\t\t\t\t\t\t\t\t<\/div>\n\t\t\t\t<\/div>\n\t\t\t\t<div class=\"elementor-element elementor-element-fb67a04 elementor-widget elementor-widget-image\" data-id=\"fb67a04\" data-element_type=\"widget\" data-e-type=\"widget\" data-widget_type=\"image.default\">\n\t\t\t\t<div class=\"elementor-widget-container\">\n\t\t\t\t\t\t\t\t\t\t\t\t\t\t\t<img loading=\"lazy\" decoding=\"async\" width=\"1365\" height=\"2048\" src=\"https:\/\/www.engagement.fr\/wp-content\/uploads\/2025\/07\/18.jpg\" class=\"attachment-full size-full wp-image-14641\" alt=\"\" srcset=\"https:\/\/www.engagement.fr\/wp-content\/uploads\/2025\/07\/18.jpg 1365w, https:\/\/www.engagement.fr\/wp-content\/uploads\/2025\/07\/18-200x300.jpg 200w, https:\/\/www.engagement.fr\/wp-content\/uploads\/2025\/07\/18-683x1024.jpg 683w, https:\/\/www.engagement.fr\/wp-content\/uploads\/2025\/07\/18-768x1152.jpg 768w, https:\/\/www.engagement.fr\/wp-content\/uploads\/2025\/07\/18-1024x1536.jpg 1024w, https:\/\/www.engagement.fr\/wp-content\/uploads\/2025\/07\/18-8x12.jpg 8w\" sizes=\"(max-width: 1365px) 100vw, 1365px\" \/>\t\t\t\t\t\t\t\t\t\t\t\t\t\t\t<\/div>\n\t\t\t\t<\/div>\n\t\t\t\t<div class=\"elementor-element elementor-element-b03ad3a elementor-widget elementor-widget-image\" data-id=\"b03ad3a\" data-element_type=\"widget\" data-e-type=\"widget\" data-widget_type=\"image.default\">\n\t\t\t\t<div class=\"elementor-widget-container\">\n\t\t\t\t\t\t\t\t\t\t\t\t\t\t\t<img loading=\"lazy\" decoding=\"async\" width=\"2048\" height=\"1107\" src=\"https:\/\/www.engagement.fr\/wp-content\/uploads\/2025\/07\/19.jpg\" class=\"attachment-full size-full wp-image-14642\" alt=\"\" srcset=\"https:\/\/www.engagement.fr\/wp-content\/uploads\/2025\/07\/19.jpg 2048w, https:\/\/www.engagement.fr\/wp-content\/uploads\/2025\/07\/19-300x162.jpg 300w, https:\/\/www.engagement.fr\/wp-content\/uploads\/2025\/07\/19-1024x554.jpg 1024w, https:\/\/www.engagement.fr\/wp-content\/uploads\/2025\/07\/19-768x415.jpg 768w, https:\/\/www.engagement.fr\/wp-content\/uploads\/2025\/07\/19-1536x830.jpg 1536w, https:\/\/www.engagement.fr\/wp-content\/uploads\/2025\/07\/19-18x10.jpg 18w\" sizes=\"(max-width: 2048px) 100vw, 2048px\" \/>\t\t\t\t\t\t\t\t\t\t\t\t\t\t\t<\/div>\n\t\t\t\t<\/div>\n\t\t\t\t<div class=\"elementor-element elementor-element-c0240b8 elementor-widget elementor-widget-image\" data-id=\"c0240b8\" data-element_type=\"widget\" data-e-type=\"widget\" data-widget_type=\"image.default\">\n\t\t\t\t<div class=\"elementor-widget-container\">\n\t\t\t\t\t\t\t\t\t\t\t\t\t\t\t<img loading=\"lazy\" decoding=\"async\" width=\"2048\" height=\"1365\" src=\"https:\/\/www.engagement.fr\/wp-content\/uploads\/2025\/07\/20.jpg\" class=\"attachment-full size-full wp-image-14643\" alt=\"\" srcset=\"https:\/\/www.engagement.fr\/wp-content\/uploads\/2025\/07\/20.jpg 2048w, https:\/\/www.engagement.fr\/wp-content\/uploads\/2025\/07\/20-300x200.jpg 300w, https:\/\/www.engagement.fr\/wp-content\/uploads\/2025\/07\/20-1024x683.jpg 1024w, https:\/\/www.engagement.fr\/wp-content\/uploads\/2025\/07\/20-768x512.jpg 768w, https:\/\/www.engagement.fr\/wp-content\/uploads\/2025\/07\/20-1536x1024.jpg 1536w, https:\/\/www.engagement.fr\/wp-content\/uploads\/2025\/07\/20-18x12.jpg 18w\" sizes=\"(max-width: 2048px) 100vw, 2048px\" \/>\t\t\t\t\t\t\t\t\t\t\t\t\t\t\t<\/div>\n\t\t\t\t<\/div>\n\t\t\t\t\t<\/div>\n\t\t\t\t<\/div>\n\t\t<div class=\"elementor-element elementor-element-a054bb3 e-con-full e-flex e-con e-parent\" data-id=\"a054bb3\" data-element_type=\"container\" data-e-type=\"container\">\n\t\t\t\t<div class=\"elementor-element elementor-element-89d3b5c elementor-post-navigation-borders-yes elementor-widget elementor-widget-post-navigation\" data-id=\"89d3b5c\" data-element_type=\"widget\" data-e-type=\"widget\" data-widget_type=\"post-navigation.default\">\n\t\t\t\t<div class=\"elementor-widget-container\">\n\t\t\t\t\t\t\t<div class=\"elementor-post-navigation\" role=\"navigation\" aria-label=\"Post Navigation\">\n\t\t\t<div class=\"elementor-post-navigation__prev elementor-post-navigation__link\">\n\t\t\t\t<a href=\"https:\/\/www.engagement.fr\/en\/appel-a-projet-orsay-lab-proposez-votre-projet-au-musee-dorsay\/\" rel=\"prev\"><span class=\"post-navigation__arrow-wrapper post-navigation__arrow-prev\"><svg aria-hidden=\"true\" class=\"e-font-icon-svg e-fas-angle-left\" viewbox=\"0 0 256 512\" xmlns=\"http:\/\/www.w3.org\/2000\/svg\"><path d=\"M31.7 239l136-136c9.4-9.4 24.6-9.4 33.9 0l22.6 22.6c9.4 9.4 9.4 24.6 0 33.9L127.9 256l96.4 96.4c9.4 9.4 9.4 24.6 0 33.9L201.7 409c-9.4 9.4-24.6 9.4-33.9 0l-136-136c-9.5-9.4-9.5-24.6-.1-34z\"><\/path><\/svg><span class=\"elementor-screen-only\">Previous<\/span><\/span><span class=\"elementor-post-navigation__link__prev\"><span class=\"post-navigation__prev--label\">Previous<\/span><span class=\"post-navigation__prev--title\">Call for projects \u00abOrsay Lab\u00bb \u2013 Propose your project to the Mus\u00e9e d'Orsay<\/span><\/span><\/a>\t\t\t<\/div>\n\t\t\t\t\t\t\t<div class=\"elementor-post-navigation__separator-wrapper\">\n\t\t\t\t\t<div class=\"elementor-post-navigation__separator\"><\/div>\n\t\t\t\t<\/div>\n\t\t\t\t\t\t<div class=\"elementor-post-navigation__next elementor-post-navigation__link\">\n\t\t\t\t<a href=\"https:\/\/www.engagement.fr\/en\/soutenez-les-jeunes-engages-en-affectant-votre-taxe-dapprentissage-a-linstitut-2\/\" rel=\"next\"><span class=\"elementor-post-navigation__link__next\"><span class=\"post-navigation__next--label\">Next<\/span><span class=\"post-navigation__next--title\">Support young people getting involved by allocating your apprenticeship tax to the Institute<\/span><\/span><span class=\"post-navigation__arrow-wrapper post-navigation__arrow-next\"><svg aria-hidden=\"true\" class=\"e-font-icon-svg e-fas-angle-right\" viewbox=\"0 0 256 512\" xmlns=\"http:\/\/www.w3.org\/2000\/svg\"><path d=\"M224.3 273l-136 136c-9.4 9.4-24.6 9.4-33.9 0l-22.6-22.6c-9.4-9.4-9.4-24.6 0-33.9l96.4-96.4-96.4-96.4c-9.4-9.4-9.4-24.6 0-33.9L54.3 103c9.4-9.4 24.6-9.4 33.9 0l136 136c9.5 9.4 9.5 24.6.1 34z\"><\/path><\/svg><span class=\"elementor-screen-only\">Next<\/span><\/span><\/a>\t\t\t<\/div>\n\t\t<\/div>\n\t\t\t\t\t\t<\/div>\n\t\t\t\t<\/div>\n\t\t\t\t<\/div>\n\t\t\t\t<\/div>","protected":false},"excerpt":{"rendered":"<p>6 days, 11 conferences, dozens of workshops, with over 100 recipients<\/p>","protected":false},"author":4,"featured_media":14609,"comment_status":"open","ping_status":"open","sticky":false,"template":"elementor_header_footer","format":"standard","meta":{"footnotes":""},"categories":[1],"tags":[],"class_list":["post-14623","post","type-post","status-publish","format-standard","has-post-thumbnail","hentry","category-uncategorized"],"yoast_head":"<!-- This site is optimized with the Yoast SEO plugin v27.5 - https:\/\/yoast.com\/product\/yoast-seo-wordpress\/ -->\n<title>Retour en images sur l&#039;Universit\u00e9 et le Campus de l&#039;Engagement d&#039;\u00e9t\u00e9 \u00e0 Poitiers - Institut de l&#039;Engagement<\/title>\n<meta name=\"robots\" content=\"index, follow, max-snippet:-1, max-image-preview:large, max-video-preview:-1\" \/>\n<link rel=\"canonical\" href=\"https:\/\/www.engagement.fr\/en\/retour-en-images-sur-luniversite-et-le-campus-de-lengagement-dete-a-poitiers\/\" \/>\n<meta property=\"og:locale\" content=\"en_GB\" \/>\n<meta property=\"og:type\" content=\"article\" \/>\n<meta property=\"og:title\" content=\"Retour en images sur l&#039;Universit\u00e9 et le Campus de l&#039;Engagement d&#039;\u00e9t\u00e9 \u00e0 Poitiers - Institut de l&#039;Engagement\" \/>\n<meta property=\"og:description\" content=\"6 jours, 11 conf\u00e9rences, des dizaines d&#039;ateliers, avec plus de 100 laur\u00e9ats\u200b\" \/>\n<meta property=\"og:url\" content=\"https:\/\/www.engagement.fr\/en\/retour-en-images-sur-luniversite-et-le-campus-de-lengagement-dete-a-poitiers\/\" \/>\n<meta property=\"og:site_name\" content=\"Institut de l&#039;Engagement\" \/>\n<meta property=\"article:publisher\" content=\"https:\/\/www.facebook.com\/Institut.Engagement\" \/>\n<meta property=\"article:published_time\" content=\"2025-07-22T14:26:12+00:00\" \/>\n<meta property=\"article:modified_time\" content=\"2025-07-22T14:36:11+00:00\" \/>\n<meta property=\"og:image\" content=\"https:\/\/www.engagement.fr\/wp-content\/uploads\/2025\/07\/@Rikouspics-119.jpg\" \/>\n\t<meta property=\"og:image:width\" content=\"2048\" \/>\n\t<meta property=\"og:image:height\" content=\"1463\" \/>\n\t<meta property=\"og:image:type\" content=\"image\/jpeg\" \/>\n<meta name=\"author\" content=\"Matthieu Schenk\" \/>\n<meta name=\"twitter:card\" content=\"summary_large_image\" \/>\n<meta name=\"twitter:creator\" content=\"@i_engagement\" \/>\n<meta name=\"twitter:site\" content=\"@i_engagement\" \/>\n<meta name=\"twitter:label1\" content=\"Written by\" \/>\n\t<meta name=\"twitter:data1\" content=\"Matthieu Schenk\" \/>\n\t<meta name=\"twitter:label2\" content=\"Estimated reading time\" \/>\n\t<meta name=\"twitter:data2\" content=\"5 minutes\" \/>\n<script type=\"application\/ld+json\" class=\"yoast-schema-graph\">{\"@context\":\"https:\\\/\\\/schema.org\",\"@graph\":[{\"@type\":\"Article\",\"@id\":\"https:\\\/\\\/www.engagement.fr\\\/retour-en-images-sur-luniversite-et-le-campus-de-lengagement-dete-a-poitiers\\\/#article\",\"isPartOf\":{\"@id\":\"https:\\\/\\\/www.engagement.fr\\\/retour-en-images-sur-luniversite-et-le-campus-de-lengagement-dete-a-poitiers\\\/\"},\"author\":{\"name\":\"Matthieu Schenk\",\"@id\":\"https:\\\/\\\/www.engagement.fr\\\/#\\\/schema\\\/person\\\/ca1a3fb46adf15dc21e7869db78efd3a\"},\"headline\":\"Retour en images sur l&rsquo;Universit\u00e9 et le Campus de l&rsquo;Engagement d&rsquo;\u00e9t\u00e9 \u00e0 Poitiers\",\"datePublished\":\"2025-07-22T14:26:12+00:00\",\"dateModified\":\"2025-07-22T14:36:11+00:00\",\"mainEntityOfPage\":{\"@id\":\"https:\\\/\\\/www.engagement.fr\\\/retour-en-images-sur-luniversite-et-le-campus-de-lengagement-dete-a-poitiers\\\/\"},\"wordCount\":92,\"commentCount\":0,\"publisher\":{\"@id\":\"https:\\\/\\\/www.engagement.fr\\\/#organization\"},\"image\":{\"@id\":\"https:\\\/\\\/www.engagement.fr\\\/retour-en-images-sur-luniversite-et-le-campus-de-lengagement-dete-a-poitiers\\\/#primaryimage\"},\"thumbnailUrl\":\"https:\\\/\\\/www.engagement.fr\\\/wp-content\\\/uploads\\\/2025\\\/07\\\/@Rikouspics-119.jpg\",\"articleSection\":[\"Uncategorized\"],\"inLanguage\":\"en-GB\",\"potentialAction\":[{\"@type\":\"CommentAction\",\"name\":\"Comment\",\"target\":[\"https:\\\/\\\/www.engagement.fr\\\/retour-en-images-sur-luniversite-et-le-campus-de-lengagement-dete-a-poitiers\\\/#respond\"]}]},{\"@type\":\"WebPage\",\"@id\":\"https:\\\/\\\/www.engagement.fr\\\/retour-en-images-sur-luniversite-et-le-campus-de-lengagement-dete-a-poitiers\\\/\",\"url\":\"https:\\\/\\\/www.engagement.fr\\\/retour-en-images-sur-luniversite-et-le-campus-de-lengagement-dete-a-poitiers\\\/\",\"name\":\"Retour en images sur l'Universit\u00e9 et le Campus de l'Engagement d'\u00e9t\u00e9 \u00e0 Poitiers - Institut de l&#039;Engagement\",\"isPartOf\":{\"@id\":\"https:\\\/\\\/www.engagement.fr\\\/#website\"},\"primaryImageOfPage\":{\"@id\":\"https:\\\/\\\/www.engagement.fr\\\/retour-en-images-sur-luniversite-et-le-campus-de-lengagement-dete-a-poitiers\\\/#primaryimage\"},\"image\":{\"@id\":\"https:\\\/\\\/www.engagement.fr\\\/retour-en-images-sur-luniversite-et-le-campus-de-lengagement-dete-a-poitiers\\\/#primaryimage\"},\"thumbnailUrl\":\"https:\\\/\\\/www.engagement.fr\\\/wp-content\\\/uploads\\\/2025\\\/07\\\/@Rikouspics-119.jpg\",\"datePublished\":\"2025-07-22T14:26:12+00:00\",\"dateModified\":\"2025-07-22T14:36:11+00:00\",\"breadcrumb\":{\"@id\":\"https:\\\/\\\/www.engagement.fr\\\/retour-en-images-sur-luniversite-et-le-campus-de-lengagement-dete-a-poitiers\\\/#breadcrumb\"},\"inLanguage\":\"en-GB\",\"potentialAction\":[{\"@type\":\"ReadAction\",\"target\":[\"https:\\\/\\\/www.engagement.fr\\\/retour-en-images-sur-luniversite-et-le-campus-de-lengagement-dete-a-poitiers\\\/\"]}]},{\"@type\":\"ImageObject\",\"inLanguage\":\"en-GB\",\"@id\":\"https:\\\/\\\/www.engagement.fr\\\/retour-en-images-sur-luniversite-et-le-campus-de-lengagement-dete-a-poitiers\\\/#primaryimage\",\"url\":\"https:\\\/\\\/www.engagement.fr\\\/wp-content\\\/uploads\\\/2025\\\/07\\\/@Rikouspics-119.jpg\",\"contentUrl\":\"https:\\\/\\\/www.engagement.fr\\\/wp-content\\\/uploads\\\/2025\\\/07\\\/@Rikouspics-119.jpg\",\"width\":2048,\"height\":1463},{\"@type\":\"BreadcrumbList\",\"@id\":\"https:\\\/\\\/www.engagement.fr\\\/retour-en-images-sur-luniversite-et-le-campus-de-lengagement-dete-a-poitiers\\\/#breadcrumb\",\"itemListElement\":[{\"@type\":\"ListItem\",\"position\":1,\"name\":\"Accueil\",\"item\":\"https:\\\/\\\/www.engagement.fr\\\/\"},{\"@type\":\"ListItem\",\"position\":2,\"name\":\"Retour en images sur l&rsquo;Universit\u00e9 et le Campus de l&rsquo;Engagement d&rsquo;\u00e9t\u00e9 \u00e0 Poitiers\"}]},{\"@type\":\"WebSite\",\"@id\":\"https:\\\/\\\/www.engagement.fr\\\/#website\",\"url\":\"https:\\\/\\\/www.engagement.fr\\\/\",\"name\":\"Institut de l'Engagement\",\"description\":\"\",\"publisher\":{\"@id\":\"https:\\\/\\\/www.engagement.fr\\\/#organization\"},\"potentialAction\":[{\"@type\":\"SearchAction\",\"target\":{\"@type\":\"EntryPoint\",\"urlTemplate\":\"https:\\\/\\\/www.engagement.fr\\\/?s={search_term_string}\"},\"query-input\":{\"@type\":\"PropertyValueSpecification\",\"valueRequired\":true,\"valueName\":\"search_term_string\"}}],\"inLanguage\":\"en-GB\"},{\"@type\":\"Organization\",\"@id\":\"https:\\\/\\\/www.engagement.fr\\\/#organization\",\"name\":\"Institut de l'Engagement\",\"url\":\"https:\\\/\\\/www.engagement.fr\\\/\",\"logo\":{\"@type\":\"ImageObject\",\"inLanguage\":\"en-GB\",\"@id\":\"https:\\\/\\\/www.engagement.fr\\\/#\\\/schema\\\/logo\\\/image\\\/\",\"url\":\"https:\\\/\\\/www.engagement.fr\\\/wp-content\\\/uploads\\\/2024\\\/06\\\/Institut-de-lEngagement-Principal-Horizontal.png\",\"contentUrl\":\"https:\\\/\\\/www.engagement.fr\\\/wp-content\\\/uploads\\\/2024\\\/06\\\/Institut-de-lEngagement-Principal-Horizontal.png\",\"width\":3066,\"height\":646,\"caption\":\"Institut de l'Engagement\"},\"image\":{\"@id\":\"https:\\\/\\\/www.engagement.fr\\\/#\\\/schema\\\/logo\\\/image\\\/\"},\"sameAs\":[\"https:\\\/\\\/www.facebook.com\\\/Institut.Engagement\",\"https:\\\/\\\/x.com\\\/i_engagement\"]},{\"@type\":\"Person\",\"@id\":\"https:\\\/\\\/www.engagement.fr\\\/#\\\/schema\\\/person\\\/ca1a3fb46adf15dc21e7869db78efd3a\",\"name\":\"Matthieu Schenk\",\"image\":{\"@type\":\"ImageObject\",\"inLanguage\":\"en-GB\",\"@id\":\"https:\\\/\\\/secure.gravatar.com\\\/avatar\\\/4ff9bceb40c1aa940e8a5b81ec658fcf833720e75f51fbbf9bdf882ee4b75825?s=96&d=mm&r=g\",\"url\":\"https:\\\/\\\/secure.gravatar.com\\\/avatar\\\/4ff9bceb40c1aa940e8a5b81ec658fcf833720e75f51fbbf9bdf882ee4b75825?s=96&d=mm&r=g\",\"contentUrl\":\"https:\\\/\\\/secure.gravatar.com\\\/avatar\\\/4ff9bceb40c1aa940e8a5b81ec658fcf833720e75f51fbbf9bdf882ee4b75825?s=96&d=mm&r=g\",\"caption\":\"Matthieu Schenk\"},\"url\":\"https:\\\/\\\/www.engagement.fr\\\/en\\\/author\\\/matthieu-schenk\\\/\"}]}<\/script>\n<!-- \/ Yoast SEO plugin. -->","yoast_head_json":{"title":"Retour en images sur l'Universit\u00e9 et le Campus de l'Engagement d'\u00e9t\u00e9 \u00e0 Poitiers - Institut de l&#039;Engagement","robots":{"index":"index","follow":"follow","max-snippet":"max-snippet:-1","max-image-preview":"max-image-preview:large","max-video-preview":"max-video-preview:-1"},"canonical":"https:\/\/www.engagement.fr\/en\/retour-en-images-sur-luniversite-et-le-campus-de-lengagement-dete-a-poitiers\/","og_locale":"en_GB","og_type":"article","og_title":"Retour en images sur l'Universit\u00e9 et le Campus de l'Engagement d'\u00e9t\u00e9 \u00e0 Poitiers - Institut de l&#039;Engagement","og_description":"6 jours, 11 conf\u00e9rences, des dizaines d'ateliers, avec plus de 100 laur\u00e9ats\u200b","og_url":"https:\/\/www.engagement.fr\/en\/retour-en-images-sur-luniversite-et-le-campus-de-lengagement-dete-a-poitiers\/","og_site_name":"Institut de l&#039;Engagement","article_publisher":"https:\/\/www.facebook.com\/Institut.Engagement","article_published_time":"2025-07-22T14:26:12+00:00","article_modified_time":"2025-07-22T14:36:11+00:00","og_image":[{"width":2048,"height":1463,"url":"https:\/\/www.engagement.fr\/wp-content\/uploads\/2025\/07\/@Rikouspics-119.jpg","type":"image\/jpeg"}],"author":"Matthieu Schenk","twitter_card":"summary_large_image","twitter_creator":"@i_engagement","twitter_site":"@i_engagement","twitter_misc":{"Written by":"Matthieu Schenk","Estimated reading time":"5 minutes"},"schema":{"@context":"https:\/\/schema.org","@graph":[{"@type":"Article","@id":"https:\/\/www.engagement.fr\/retour-en-images-sur-luniversite-et-le-campus-de-lengagement-dete-a-poitiers\/#article","isPartOf":{"@id":"https:\/\/www.engagement.fr\/retour-en-images-sur-luniversite-et-le-campus-de-lengagement-dete-a-poitiers\/"},"author":{"name":"Matthieu Schenk","@id":"https:\/\/www.engagement.fr\/#\/schema\/person\/ca1a3fb46adf15dc21e7869db78efd3a"},"headline":"Retour en images sur l&rsquo;Universit\u00e9 et le Campus de l&rsquo;Engagement d&rsquo;\u00e9t\u00e9 \u00e0 Poitiers","datePublished":"2025-07-22T14:26:12+00:00","dateModified":"2025-07-22T14:36:11+00:00","mainEntityOfPage":{"@id":"https:\/\/www.engagement.fr\/retour-en-images-sur-luniversite-et-le-campus-de-lengagement-dete-a-poitiers\/"},"wordCount":92,"commentCount":0,"publisher":{"@id":"https:\/\/www.engagement.fr\/#organization"},"image":{"@id":"https:\/\/www.engagement.fr\/retour-en-images-sur-luniversite-et-le-campus-de-lengagement-dete-a-poitiers\/#primaryimage"},"thumbnailUrl":"https:\/\/www.engagement.fr\/wp-content\/uploads\/2025\/07\/@Rikouspics-119.jpg","articleSection":["Uncategorized"],"inLanguage":"en-GB","potentialAction":[{"@type":"CommentAction","name":"Comment","target":["https:\/\/www.engagement.fr\/retour-en-images-sur-luniversite-et-le-campus-de-lengagement-dete-a-poitiers\/#respond"]}]},{"@type":"WebPage","@id":"https:\/\/www.engagement.fr\/retour-en-images-sur-luniversite-et-le-campus-de-lengagement-dete-a-poitiers\/","url":"https:\/\/www.engagement.fr\/retour-en-images-sur-luniversite-et-le-campus-de-lengagement-dete-a-poitiers\/","name":"Retour en images sur l'Universit\u00e9 et le Campus de l'Engagement d'\u00e9t\u00e9 \u00e0 Poitiers - Institut de l&#039;Engagement","isPartOf":{"@id":"https:\/\/www.engagement.fr\/#website"},"primaryImageOfPage":{"@id":"https:\/\/www.engagement.fr\/retour-en-images-sur-luniversite-et-le-campus-de-lengagement-dete-a-poitiers\/#primaryimage"},"image":{"@id":"https:\/\/www.engagement.fr\/retour-en-images-sur-luniversite-et-le-campus-de-lengagement-dete-a-poitiers\/#primaryimage"},"thumbnailUrl":"https:\/\/www.engagement.fr\/wp-content\/uploads\/2025\/07\/@Rikouspics-119.jpg","datePublished":"2025-07-22T14:26:12+00:00","dateModified":"2025-07-22T14:36:11+00:00","breadcrumb":{"@id":"https:\/\/www.engagement.fr\/retour-en-images-sur-luniversite-et-le-campus-de-lengagement-dete-a-poitiers\/#breadcrumb"},"inLanguage":"en-GB","potentialAction":[{"@type":"ReadAction","target":["https:\/\/www.engagement.fr\/retour-en-images-sur-luniversite-et-le-campus-de-lengagement-dete-a-poitiers\/"]}]},{"@type":"ImageObject","inLanguage":"en-GB","@id":"https:\/\/www.engagement.fr\/retour-en-images-sur-luniversite-et-le-campus-de-lengagement-dete-a-poitiers\/#primaryimage","url":"https:\/\/www.engagement.fr\/wp-content\/uploads\/2025\/07\/@Rikouspics-119.jpg","contentUrl":"https:\/\/www.engagement.fr\/wp-content\/uploads\/2025\/07\/@Rikouspics-119.jpg","width":2048,"height":1463},{"@type":"BreadcrumbList","@id":"https:\/\/www.engagement.fr\/retour-en-images-sur-luniversite-et-le-campus-de-lengagement-dete-a-poitiers\/#breadcrumb","itemListElement":[{"@type":"ListItem","position":1,"name":"Accueil","item":"https:\/\/www.engagement.fr\/"},{"@type":"ListItem","position":2,"name":"Retour en images sur l&rsquo;Universit\u00e9 et le Campus de l&rsquo;Engagement d&rsquo;\u00e9t\u00e9 \u00e0 Poitiers"}]},{"@type":"WebSite","@id":"https:\/\/www.engagement.fr\/#website","url":"https:\/\/www.engagement.fr\/","name":"Institute of Commitment","description":"","publisher":{"@id":"https:\/\/www.engagement.fr\/#organization"},"potentialAction":[{"@type":"SearchAction","target":{"@type":"EntryPoint","urlTemplate":"https:\/\/www.engagement.fr\/?s={search_term_string}"},"query-input":{"@type":"PropertyValueSpecification","valueRequired":true,"valueName":"search_term_string"}}],"inLanguage":"en-GB"},{"@type":"Organization","@id":"https:\/\/www.engagement.fr\/#organization","name":"Institute of Commitment","url":"https:\/\/www.engagement.fr\/","logo":{"@type":"ImageObject","inLanguage":"en-GB","@id":"https:\/\/www.engagement.fr\/#\/schema\/logo\/image\/","url":"https:\/\/www.engagement.fr\/wp-content\/uploads\/2024\/06\/Institut-de-lEngagement-Principal-Horizontal.png","contentUrl":"https:\/\/www.engagement.fr\/wp-content\/uploads\/2024\/06\/Institut-de-lEngagement-Principal-Horizontal.png","width":3066,"height":646,"caption":"Institut de l'Engagement"},"image":{"@id":"https:\/\/www.engagement.fr\/#\/schema\/logo\/image\/"},"sameAs":["https:\/\/www.facebook.com\/Institut.Engagement","https:\/\/x.com\/i_engagement"]},{"@type":"Person","@id":"https:\/\/www.engagement.fr\/#\/schema\/person\/ca1a3fb46adf15dc21e7869db78efd3a","name":"Matthieu Schenk","image":{"@type":"ImageObject","inLanguage":"en-GB","@id":"https:\/\/secure.gravatar.com\/avatar\/4ff9bceb40c1aa940e8a5b81ec658fcf833720e75f51fbbf9bdf882ee4b75825?s=96&d=mm&r=g","url":"https:\/\/secure.gravatar.com\/avatar\/4ff9bceb40c1aa940e8a5b81ec658fcf833720e75f51fbbf9bdf882ee4b75825?s=96&d=mm&r=g","contentUrl":"https:\/\/secure.gravatar.com\/avatar\/4ff9bceb40c1aa940e8a5b81ec658fcf833720e75f51fbbf9bdf882ee4b75825?s=96&d=mm&r=g","caption":"Matthieu Schenk"},"url":"https:\/\/www.engagement.fr\/en\/author\/matthieu-schenk\/"}]}},"_links":{"self":[{"href":"https:\/\/www.engagement.fr\/en\/wp-json\/wp\/v2\/posts\/14623","targetHints":{"allow":["GET"]}}],"collection":[{"href":"https:\/\/www.engagement.fr\/en\/wp-json\/wp\/v2\/posts"}],"about":[{"href":"https:\/\/www.engagement.fr\/en\/wp-json\/wp\/v2\/types\/post"}],"author":[{"embeddable":true,"href":"https:\/\/www.engagement.fr\/en\/wp-json\/wp\/v2\/users\/4"}],"replies":[{"embeddable":true,"href":"https:\/\/www.engagement.fr\/en\/wp-json\/wp\/v2\/comments?post=14623"}],"version-history":[{"count":3,"href":"https:\/\/www.engagement.fr\/en\/wp-json\/wp\/v2\/posts\/14623\/revisions"}],"predecessor-version":[{"id":14646,"href":"https:\/\/www.engagement.fr\/en\/wp-json\/wp\/v2\/posts\/14623\/revisions\/14646"}],"wp:featuredmedia":[{"embeddable":true,"href":"https:\/\/www.engagement.fr\/en\/wp-json\/wp\/v2\/media\/14609"}],"wp:attachment":[{"href":"https:\/\/www.engagement.fr\/en\/wp-json\/wp\/v2\/media?parent=14623"}],"wp:term":[{"taxonomy":"category","embeddable":true,"href":"https:\/\/www.engagement.fr\/en\/wp-json\/wp\/v2\/categories?post=14623"},{"taxonomy":"post_tag","embeddable":true,"href":"https:\/\/www.engagement.fr\/en\/wp-json\/wp\/v2\/tags?post=14623"}],"curies":[{"name":"wp","href":"https:\/\/api.w.org\/{rel}","templated":true}]}}