{"id":14571,"date":"2025-07-07T13:41:31","date_gmt":"2025-07-07T13:41:31","guid":{"rendered":"https:\/\/www.engagement.fr\/?p=14571"},"modified":"2025-12-18T10:28:07","modified_gmt":"2025-12-18T10:28:07","slug":"call-for-projects-orsay-lab-propose-your-project-to-the-musee-dorsay","status":"publish","type":"post","link":"https:\/\/www.engagement.fr\/en\/appel-a-projet-orsay-lab-proposez-votre-projet-au-musee-dorsay\/","title":{"rendered":"Call for projects \u00abOrsay Lab\u00bb \u2013 Propose your project to the Mus\u00e9e d'Orsay"},"content":{"rendered":"<div data-elementor-type=\"wp-post\" data-elementor-id=\"14571\" class=\"elementor elementor-14571\" data-elementor-post-type=\"post\">\n\t\t\t\t<div class=\"elementor-element elementor-element-569b0a3 e-con-full e-flex e-con e-parent\" data-id=\"569b0a3\" data-element_type=\"container\" data-e-type=\"container\" data-settings=\"{&quot;background_background&quot;:&quot;classic&quot;,&quot;background_motion_fx_motion_fx_mouse&quot;:&quot;yes&quot;,&quot;background_motion_fx_mouseTrack_effect&quot;:&quot;yes&quot;,&quot;background_motion_fx_mouseTrack_speed&quot;:{&quot;unit&quot;:&quot;px&quot;,&quot;size&quot;:1,&quot;sizes&quot;:[]}}\">\n\t\t<div class=\"elementor-element elementor-element-64616b5 e-flex e-con-boxed e-con e-child\" data-id=\"64616b5\" data-element_type=\"container\" data-e-type=\"container\" data-settings=\"{&quot;background_background&quot;:&quot;classic&quot;}\">\n\t\t\t\t\t<div class=\"e-con-inner\">\n\t\t<div class=\"elementor-element elementor-element-c38a6a3 e-con-full e-flex e-con e-child\" data-id=\"c38a6a3\" data-element_type=\"container\" data-e-type=\"container\">\n\t\t\t\t<div class=\"elementor-element elementor-element-211f1f6 elementor-invisible elementor-widget elementor-widget-text-editor\" data-id=\"211f1f6\" data-element_type=\"widget\" data-e-type=\"widget\" data-settings=\"{&quot;_animation&quot;:&quot;fadeIn&quot;,&quot;_animation_delay&quot;:500}\" data-widget_type=\"text-editor.default\">\n\t\t\t\t<div class=\"elementor-widget-container\">\n\t\t\t\t\t\t\t\t\t7 July 2025\t\t\t\t\t\t\t\t<\/div>\n\t\t\t\t<\/div>\n\t\t\t\t<div class=\"elementor-element elementor-element-fc5633f elementor-widget-divider--view-line elementor-invisible elementor-widget elementor-widget-divider\" data-id=\"fc5633f\" data-element_type=\"widget\" data-e-type=\"widget\" data-settings=\"{&quot;_animation&quot;:&quot;fadeInUp&quot;}\" data-widget_type=\"divider.default\">\n\t\t\t\t<div class=\"elementor-widget-container\">\n\t\t\t\t\t\t\t<div class=\"elementor-divider\">\n\t\t\t<span class=\"elementor-divider-separator\">\n\t\t\t\t\t\t<\/span>\n\t\t<\/div>\n\t\t\t\t\t\t<\/div>\n\t\t\t\t<\/div>\n\t\t\t\t<div class=\"elementor-element elementor-element-c783a2c elementor-invisible elementor-widget elementor-widget-heading\" data-id=\"c783a2c\" data-element_type=\"widget\" data-e-type=\"widget\" data-settings=\"{&quot;_animation&quot;:&quot;fadeInUp&quot;}\" data-widget_type=\"heading.default\">\n\t\t\t\t<div class=\"elementor-widget-container\">\n\t\t\t\t\t<h1 class=\"elementor-heading-title elementor-size-default\">Call for projects \"Orsay Lab\"<\/h1>\t\t\t\t<\/div>\n\t\t\t\t<\/div>\n\t\t<div class=\"elementor-element elementor-element-6a2c7aa e-flex e-con-boxed e-con e-child\" data-id=\"6a2c7aa\" data-element_type=\"container\" data-e-type=\"container\">\n\t\t\t\t\t<div class=\"e-con-inner\">\n\t\t\t\t<div class=\"elementor-element elementor-element-8ee00c1 elementor-align-center elementor-invisible elementor-widget elementor-widget-lottie\" data-id=\"8ee00c1\" data-element_type=\"widget\" data-e-type=\"widget\" data-settings=\"{&quot;source_json&quot;:{&quot;url&quot;:&quot;https:\\\/\\\/www.engagement.fr\\\/wp-content\\\/uploads\\\/2024\\\/03\\\/2810-arrow-down.json&quot;,&quot;id&quot;:1401,&quot;size&quot;:&quot;&quot;,&quot;alt&quot;:&quot;&quot;,&quot;source&quot;:&quot;library&quot;},&quot;loop&quot;:&quot;yes&quot;,&quot;_animation&quot;:&quot;fadeIn&quot;,&quot;_animation_delay&quot;:600,&quot;source&quot;:&quot;media_file&quot;,&quot;caption_source&quot;:&quot;none&quot;,&quot;link_to&quot;:&quot;none&quot;,&quot;trigger&quot;:&quot;arriving_to_viewport&quot;,&quot;viewport&quot;:{&quot;unit&quot;:&quot;%&quot;,&quot;size&quot;:&quot;&quot;,&quot;sizes&quot;:{&quot;start&quot;:0,&quot;end&quot;:100}},&quot;play_speed&quot;:{&quot;unit&quot;:&quot;px&quot;,&quot;size&quot;:1,&quot;sizes&quot;:[]},&quot;start_point&quot;:{&quot;unit&quot;:&quot;%&quot;,&quot;size&quot;:0,&quot;sizes&quot;:[]},&quot;end_point&quot;:{&quot;unit&quot;:&quot;%&quot;,&quot;size&quot;:100,&quot;sizes&quot;:[]},&quot;renderer&quot;:&quot;svg&quot;}\" data-widget_type=\"lottie.default\">\n\t\t\t\t<div class=\"elementor-widget-container\">\n\t\t\t\t\t<div class=\"e-lottie__container\"><div class=\"e-lottie__animation\"><\/div><\/div>\t\t\t\t<\/div>\n\t\t\t\t<\/div>\n\t\t\t\t\t<\/div>\n\t\t\t\t<\/div>\n\t\t\t\t<\/div>\n\t\t\t\t\t<\/div>\n\t\t\t\t<\/div>\n\t\t\t\t<\/div>\n\t\t<div class=\"elementor-element elementor-element-e8ab51a e-flex e-con-boxed e-con e-parent\" data-id=\"e8ab51a\" data-element_type=\"container\" data-e-type=\"container\" data-settings=\"{&quot;background_background&quot;:&quot;classic&quot;}\">\n\t\t\t\t\t<div class=\"e-con-inner\">\n\t\t\t\t<div class=\"elementor-element elementor-element-50317e3 elementor-widget elementor-widget-text-editor\" data-id=\"50317e3\" data-element_type=\"widget\" data-e-type=\"widget\" data-widget_type=\"text-editor.default\">\n\t\t\t\t<div class=\"elementor-widget-container\">\n\t\t\t\t\t\t\t\t\t<p>Are you between 18 and 25 years old? Do you have an original idea to make the Mus\u00e9e d'Orsay and\/or its collections resonate with the contemporary world?<\/p><p>In partnership with the Institut de l\u2019Engagement, the Mus\u00e9e d'Orsay is launching a call for projects open to young people aged 18 to 25, intended to offer a testing ground for young adults wishing to develop engaged projects.<\/p>\t\t\t\t\t\t\t\t<\/div>\n\t\t\t\t<\/div>\n\t\t\t\t<div class=\"elementor-element elementor-element-1f250f2 elementor-align-center elementor-widget elementor-widget-button\" data-id=\"1f250f2\" data-element_type=\"widget\" data-e-type=\"widget\" data-widget_type=\"button.default\">\n\t\t\t\t<div class=\"elementor-widget-container\">\n\t\t\t\t\t\t\t\t\t<div class=\"elementor-button-wrapper\">\n\t\t\t\t\t<a class=\"elementor-button elementor-button-link elementor-size-sm\" href=\"https:\/\/docs.google.com\/forms\/d\/e\/1FAIpQLSd-ZcdLA_caYMPiiaiMrZN5ZKjl-fcf_xKNMhBhTM6rQJi3jg\/closedform\" target=\"_blank\">\n\t\t\t\t\t\t<span class=\"elementor-button-content-wrapper\">\n\t\t\t\t\t\t\t\t\t<span class=\"elementor-button-text\">Call for projects form<\/span>\n\t\t\t\t\t<\/span>\n\t\t\t\t\t<\/a>\n\t\t\t\t<\/div>\n\t\t\t\t\t\t\t\t<\/div>\n\t\t\t\t<\/div>\n\t\t\t\t<div class=\"elementor-element elementor-element-23f1445 elementor-widget elementor-widget-text-editor\" data-id=\"23f1445\" data-element_type=\"widget\" data-e-type=\"widget\" data-widget_type=\"text-editor.default\">\n\t\t\t\t<div class=\"elementor-widget-container\">\n\t\t\t\t\t\t\t\t\t<p>The collections of the Mus\u00e9e d\u2019Orsay evoke the profound changes of the 19th century, from industrialisation to the first environmental impacts, from historical upheavals to the first social gains. Two centuries later, the developments witnessed by the artists of that era still echo the challenges of today: ecological crises, women's rights, social concerns...\u00a0<br \/>The Mus\u00e9e d'Orsay's collections are a tremendous tool for reflection, capable of supporting and sparking contemporary exchanges.\u00a0<br \/>It is on the basis of this observation that the museum is today giving a voice to those born with the century, to offer new perspectives and new ways of experiencing the Mus\u00e9e d'Orsay.<br \/>Through this call for projects, the Mus\u00e9e d\u2019Orsay wishes to encourage committed and innovative projects, proposing an original format, vision, or action compared to the museum's usual offerings. The aim is to enable young people to express their commitment with, in, and from the Mus\u00e9e d\u2019Orsay.<\/p><div><p><strong>Projects meeting the objectives of inclusion and environmental responsibility, consistent with the museums' institutional strategy, will be prioritised.\u00a0<\/strong><\/p><p><u>The project will need to meet the following expectations:\u00a0<\/u><\/p><\/div><ul><li>To be achievable within the walls of the Mus\u00e9e d'Orsay OR to be achievable outside the walls, but in connection with the collections of the Mus\u00e9e d'Orsay<\/li><li>To be intended to be open to a wide public and to promote the attractiveness and accessibility of the Museum for audiences who are distant from it<\/li><li>Connecting the collections\/Mus\u00e9e d\u2019Orsay and contemporary issues<\/li><li>Present an innovative\/original dimension, in its format, its target audience, its content\u2026<\/li><li>Integrate consideration for environmental impact<\/li><li>To be achievable in a short time (&lt;6 months) and with the existing capabilities of the Mus\u00e9e d&#039;Orsay<\/li><\/ul><div>No prior experience or specific training is expected of the applicant.\u00a0<\/div>\t\t\t\t\t\t\t\t<\/div>\n\t\t\t\t<\/div>\n\t\t\t\t<div class=\"elementor-element elementor-element-13a4c05 elementor-widget elementor-widget-image\" data-id=\"13a4c05\" data-element_type=\"widget\" data-e-type=\"widget\" data-widget_type=\"image.default\">\n\t\t\t\t<div class=\"elementor-widget-container\">\n\t\t\t\t\t\t\t\t\t\t\t\t\t\t\t<img fetchpriority=\"high\" decoding=\"async\" width=\"1000\" height=\"600\" src=\"https:\/\/www.engagement.fr\/wp-content\/uploads\/2025\/07\/Orsay-Lab.png\" class=\"attachment-full size-full wp-image-15910\" alt=\"\" srcset=\"https:\/\/www.engagement.fr\/wp-content\/uploads\/2025\/07\/Orsay-Lab.png 1000w, https:\/\/www.engagement.fr\/wp-content\/uploads\/2025\/07\/Orsay-Lab-300x180.png 300w, https:\/\/www.engagement.fr\/wp-content\/uploads\/2025\/07\/Orsay-Lab-768x461.png 768w, https:\/\/www.engagement.fr\/wp-content\/uploads\/2025\/07\/Orsay-Lab-18x12.png 18w\" sizes=\"(max-width: 1000px) 100vw, 1000px\" \/>\t\t\t\t\t\t\t\t\t\t\t\t\t\t\t<\/div>\n\t\t\t\t<\/div>\n\t\t\t\t\t<\/div>\n\t\t\t\t<\/div>\n\t\t<div class=\"elementor-element elementor-element-a054bb3 e-con-full e-flex e-con e-parent\" data-id=\"a054bb3\" data-element_type=\"container\" data-e-type=\"container\">\n\t\t\t\t<div class=\"elementor-element elementor-element-89d3b5c elementor-post-navigation-borders-yes elementor-widget elementor-widget-post-navigation\" data-id=\"89d3b5c\" data-element_type=\"widget\" data-e-type=\"widget\" data-widget_type=\"post-navigation.default\">\n\t\t\t\t<div class=\"elementor-widget-container\">\n\t\t\t\t\t\t\t<div class=\"elementor-post-navigation\" role=\"navigation\" aria-label=\"Post Navigation\">\n\t\t\t<div class=\"elementor-post-navigation__prev elementor-post-navigation__link\">\n\t\t\t\t<a href=\"https:\/\/www.engagement.fr\/en\/des-laureats-et-mentores-participent-au-citizenday-chez-loreal-2\/\" rel=\"prev\"><span class=\"post-navigation__arrow-wrapper post-navigation__arrow-prev\"><svg aria-hidden=\"true\" class=\"e-font-icon-svg e-fas-angle-left\" viewbox=\"0 0 256 512\" xmlns=\"http:\/\/www.w3.org\/2000\/svg\"><path d=\"M31.7 239l136-136c9.4-9.4 24.6-9.4 33.9 0l22.6 22.6c9.4 9.4 9.4 24.6 0 33.9L127.9 256l96.4 96.4c9.4 9.4 9.4 24.6 0 33.9L201.7 409c-9.4 9.4-24.6 9.4-33.9 0l-136-136c-9.5-9.4-9.5-24.6-.1-34z\"><\/path><\/svg><span class=\"elementor-screen-only\">Previous<\/span><\/span><span class=\"elementor-post-navigation__link__prev\"><span class=\"post-navigation__prev--label\">Previous<\/span><span class=\"post-navigation__prev--title\">Winners and mentees take part in #CitizenDay at L'Or\u00e9al<\/span><\/span><\/a>\t\t\t<\/div>\n\t\t\t\t\t\t\t<div class=\"elementor-post-navigation__separator-wrapper\">\n\t\t\t\t\t<div class=\"elementor-post-navigation__separator\"><\/div>\n\t\t\t\t<\/div>\n\t\t\t\t\t\t<div class=\"elementor-post-navigation__next elementor-post-navigation__link\">\n\t\t\t\t<a href=\"https:\/\/www.engagement.fr\/en\/retour-en-images-sur-luniversite-et-le-campus-de-lengagement-dete-a-poitiers\/\" rel=\"next\"><span class=\"elementor-post-navigation__link__next\"><span class=\"post-navigation__next--label\">Next<\/span><span class=\"post-navigation__next--title\">A look back at the Summer Engagement University and Campus in Poitiers<\/span><\/span><span class=\"post-navigation__arrow-wrapper post-navigation__arrow-next\"><svg aria-hidden=\"true\" class=\"e-font-icon-svg e-fas-angle-right\" viewbox=\"0 0 256 512\" xmlns=\"http:\/\/www.w3.org\/2000\/svg\"><path d=\"M224.3 273l-136 136c-9.4 9.4-24.6 9.4-33.9 0l-22.6-22.6c-9.4-9.4-9.4-24.6 0-33.9l96.4-96.4-96.4-96.4c-9.4-9.4-9.4-24.6 0-33.9L54.3 103c9.4-9.4 24.6-9.4 33.9 0l136 136c9.5 9.4 9.5 24.6.1 34z\"><\/path><\/svg><span class=\"elementor-screen-only\">Next<\/span><\/span><\/a>\t\t\t<\/div>\n\t\t<\/div>\n\t\t\t\t\t\t<\/div>\n\t\t\t\t<\/div>\n\t\t\t\t<\/div>\n\t\t\t\t<\/div>","protected":false},"excerpt":{"rendered":"<p>Are you between 18 and 25 years old? Do you have an original idea to make the Mus\u00e9e d'Orsay and\/or its collections resonate with the contemporary world?<\/p>","protected":false},"author":4,"featured_media":15910,"comment_status":"open","ping_status":"open","sticky":false,"template":"elementor_header_footer","format":"standard","meta":{"footnotes":""},"categories":[1],"tags":[],"class_list":["post-14571","post","type-post","status-publish","format-standard","has-post-thumbnail","hentry","category-uncategorized"],"yoast_head":"<!-- This site is optimized with the Yoast SEO plugin v27.5 - https:\/\/yoast.com\/product\/yoast-seo-wordpress\/ -->\n<title>Appel \u00e0 projet &quot;Orsay Lab&quot; - Proposez votre projet au Mus\u00e9e d&#039;Orsay - Institut de l&#039;Engagement<\/title>\n<meta name=\"robots\" content=\"index, follow, max-snippet:-1, max-image-preview:large, max-video-preview:-1\" \/>\n<link rel=\"canonical\" href=\"https:\/\/www.engagement.fr\/en\/call-for-projects-orsay-lab-propose-your-project-to-the-musee-dorsay\/\" \/>\n<meta property=\"og:locale\" content=\"en_GB\" \/>\n<meta property=\"og:type\" content=\"article\" \/>\n<meta property=\"og:title\" content=\"Appel \u00e0 projet &quot;Orsay Lab&quot; - Proposez votre projet au Mus\u00e9e d&#039;Orsay - Institut de l&#039;Engagement\" \/>\n<meta property=\"og:description\" content=\"Vous avez entre 18 et 25 ans ? Vous avez une id\u00e9e originale pour faire entrer en r\u00e9sonnance le mus\u00e9e d\u2019Orsay et\/ou les collections du mus\u00e9e avec le monde contemporain ?\" \/>\n<meta property=\"og:url\" content=\"https:\/\/www.engagement.fr\/en\/call-for-projects-orsay-lab-propose-your-project-to-the-musee-dorsay\/\" \/>\n<meta property=\"og:site_name\" content=\"Institut de l&#039;Engagement\" \/>\n<meta property=\"article:publisher\" content=\"https:\/\/www.facebook.com\/Institut.Engagement\" \/>\n<meta property=\"article:published_time\" content=\"2025-07-07T13:41:31+00:00\" \/>\n<meta property=\"article:modified_time\" content=\"2025-12-18T10:28:07+00:00\" \/>\n<meta property=\"og:image\" content=\"https:\/\/www.engagement.fr\/wp-content\/uploads\/2025\/07\/Orsay-Lab.png\" \/>\n\t<meta property=\"og:image:width\" content=\"1000\" \/>\n\t<meta property=\"og:image:height\" content=\"600\" \/>\n\t<meta property=\"og:image:type\" content=\"image\/png\" \/>\n<meta name=\"author\" content=\"Matthieu Schenk\" \/>\n<meta name=\"twitter:card\" content=\"summary_large_image\" \/>\n<meta name=\"twitter:creator\" content=\"@i_engagement\" \/>\n<meta name=\"twitter:site\" content=\"@i_engagement\" \/>\n<meta name=\"twitter:label1\" content=\"Written by\" \/>\n\t<meta name=\"twitter:data1\" content=\"Matthieu Schenk\" \/>\n\t<meta name=\"twitter:label2\" content=\"Estimated reading time\" \/>\n\t<meta name=\"twitter:data2\" content=\"3 minutes\" \/>\n<script type=\"application\/ld+json\" class=\"yoast-schema-graph\">{\"@context\":\"https:\\\/\\\/schema.org\",\"@graph\":[{\"@type\":\"Article\",\"@id\":\"https:\\\/\\\/www.engagement.fr\\\/appel-a-projet-orsay-lab-proposez-votre-projet-au-musee-dorsay\\\/#article\",\"isPartOf\":{\"@id\":\"https:\\\/\\\/www.engagement.fr\\\/appel-a-projet-orsay-lab-proposez-votre-projet-au-musee-dorsay\\\/\"},\"author\":{\"name\":\"Matthieu Schenk\",\"@id\":\"https:\\\/\\\/www.engagement.fr\\\/#\\\/schema\\\/person\\\/ca1a3fb46adf15dc21e7869db78efd3a\"},\"headline\":\"Appel \u00e0 projet \u00ab\u00a0Orsay Lab\u00a0\u00bb &#8211; Proposez votre projet au Mus\u00e9e d&rsquo;Orsay\",\"datePublished\":\"2025-07-07T13:41:31+00:00\",\"dateModified\":\"2025-12-18T10:28:07+00:00\",\"mainEntityOfPage\":{\"@id\":\"https:\\\/\\\/www.engagement.fr\\\/appel-a-projet-orsay-lab-proposez-votre-projet-au-musee-dorsay\\\/\"},\"wordCount\":436,\"commentCount\":0,\"publisher\":{\"@id\":\"https:\\\/\\\/www.engagement.fr\\\/#organization\"},\"image\":{\"@id\":\"https:\\\/\\\/www.engagement.fr\\\/appel-a-projet-orsay-lab-proposez-votre-projet-au-musee-dorsay\\\/#primaryimage\"},\"thumbnailUrl\":\"https:\\\/\\\/www.engagement.fr\\\/wp-content\\\/uploads\\\/2025\\\/07\\\/Orsay-Lab.png\",\"articleSection\":[\"Uncategorized\"],\"inLanguage\":\"en-GB\",\"potentialAction\":[{\"@type\":\"CommentAction\",\"name\":\"Comment\",\"target\":[\"https:\\\/\\\/www.engagement.fr\\\/appel-a-projet-orsay-lab-proposez-votre-projet-au-musee-dorsay\\\/#respond\"]}]},{\"@type\":\"WebPage\",\"@id\":\"https:\\\/\\\/www.engagement.fr\\\/appel-a-projet-orsay-lab-proposez-votre-projet-au-musee-dorsay\\\/\",\"url\":\"https:\\\/\\\/www.engagement.fr\\\/appel-a-projet-orsay-lab-proposez-votre-projet-au-musee-dorsay\\\/\",\"name\":\"Appel \u00e0 projet \\\"Orsay Lab\\\" - Proposez votre projet au Mus\u00e9e d'Orsay - Institut de l&#039;Engagement\",\"isPartOf\":{\"@id\":\"https:\\\/\\\/www.engagement.fr\\\/#website\"},\"primaryImageOfPage\":{\"@id\":\"https:\\\/\\\/www.engagement.fr\\\/appel-a-projet-orsay-lab-proposez-votre-projet-au-musee-dorsay\\\/#primaryimage\"},\"image\":{\"@id\":\"https:\\\/\\\/www.engagement.fr\\\/appel-a-projet-orsay-lab-proposez-votre-projet-au-musee-dorsay\\\/#primaryimage\"},\"thumbnailUrl\":\"https:\\\/\\\/www.engagement.fr\\\/wp-content\\\/uploads\\\/2025\\\/07\\\/Orsay-Lab.png\",\"datePublished\":\"2025-07-07T13:41:31+00:00\",\"dateModified\":\"2025-12-18T10:28:07+00:00\",\"breadcrumb\":{\"@id\":\"https:\\\/\\\/www.engagement.fr\\\/appel-a-projet-orsay-lab-proposez-votre-projet-au-musee-dorsay\\\/#breadcrumb\"},\"inLanguage\":\"en-GB\",\"potentialAction\":[{\"@type\":\"ReadAction\",\"target\":[\"https:\\\/\\\/www.engagement.fr\\\/appel-a-projet-orsay-lab-proposez-votre-projet-au-musee-dorsay\\\/\"]}]},{\"@type\":\"ImageObject\",\"inLanguage\":\"en-GB\",\"@id\":\"https:\\\/\\\/www.engagement.fr\\\/appel-a-projet-orsay-lab-proposez-votre-projet-au-musee-dorsay\\\/#primaryimage\",\"url\":\"https:\\\/\\\/www.engagement.fr\\\/wp-content\\\/uploads\\\/2025\\\/07\\\/Orsay-Lab.png\",\"contentUrl\":\"https:\\\/\\\/www.engagement.fr\\\/wp-content\\\/uploads\\\/2025\\\/07\\\/Orsay-Lab.png\",\"width\":1000,\"height\":600},{\"@type\":\"BreadcrumbList\",\"@id\":\"https:\\\/\\\/www.engagement.fr\\\/appel-a-projet-orsay-lab-proposez-votre-projet-au-musee-dorsay\\\/#breadcrumb\",\"itemListElement\":[{\"@type\":\"ListItem\",\"position\":1,\"name\":\"Accueil\",\"item\":\"https:\\\/\\\/www.engagement.fr\\\/\"},{\"@type\":\"ListItem\",\"position\":2,\"name\":\"Appel \u00e0 projet \u00ab\u00a0Orsay Lab\u00a0\u00bb &#8211; Proposez votre projet au Mus\u00e9e d&rsquo;Orsay\"}]},{\"@type\":\"WebSite\",\"@id\":\"https:\\\/\\\/www.engagement.fr\\\/#website\",\"url\":\"https:\\\/\\\/www.engagement.fr\\\/\",\"name\":\"Institut de l'Engagement\",\"description\":\"\",\"publisher\":{\"@id\":\"https:\\\/\\\/www.engagement.fr\\\/#organization\"},\"potentialAction\":[{\"@type\":\"SearchAction\",\"target\":{\"@type\":\"EntryPoint\",\"urlTemplate\":\"https:\\\/\\\/www.engagement.fr\\\/?s={search_term_string}\"},\"query-input\":{\"@type\":\"PropertyValueSpecification\",\"valueRequired\":true,\"valueName\":\"search_term_string\"}}],\"inLanguage\":\"en-GB\"},{\"@type\":\"Organization\",\"@id\":\"https:\\\/\\\/www.engagement.fr\\\/#organization\",\"name\":\"Institut de l'Engagement\",\"url\":\"https:\\\/\\\/www.engagement.fr\\\/\",\"logo\":{\"@type\":\"ImageObject\",\"inLanguage\":\"en-GB\",\"@id\":\"https:\\\/\\\/www.engagement.fr\\\/#\\\/schema\\\/logo\\\/image\\\/\",\"url\":\"https:\\\/\\\/www.engagement.fr\\\/wp-content\\\/uploads\\\/2024\\\/06\\\/Institut-de-lEngagement-Principal-Horizontal.png\",\"contentUrl\":\"https:\\\/\\\/www.engagement.fr\\\/wp-content\\\/uploads\\\/2024\\\/06\\\/Institut-de-lEngagement-Principal-Horizontal.png\",\"width\":3066,\"height\":646,\"caption\":\"Institut de l'Engagement\"},\"image\":{\"@id\":\"https:\\\/\\\/www.engagement.fr\\\/#\\\/schema\\\/logo\\\/image\\\/\"},\"sameAs\":[\"https:\\\/\\\/www.facebook.com\\\/Institut.Engagement\",\"https:\\\/\\\/x.com\\\/i_engagement\"]},{\"@type\":\"Person\",\"@id\":\"https:\\\/\\\/www.engagement.fr\\\/#\\\/schema\\\/person\\\/ca1a3fb46adf15dc21e7869db78efd3a\",\"name\":\"Matthieu Schenk\",\"image\":{\"@type\":\"ImageObject\",\"inLanguage\":\"en-GB\",\"@id\":\"https:\\\/\\\/secure.gravatar.com\\\/avatar\\\/4ff9bceb40c1aa940e8a5b81ec658fcf833720e75f51fbbf9bdf882ee4b75825?s=96&d=mm&r=g\",\"url\":\"https:\\\/\\\/secure.gravatar.com\\\/avatar\\\/4ff9bceb40c1aa940e8a5b81ec658fcf833720e75f51fbbf9bdf882ee4b75825?s=96&d=mm&r=g\",\"contentUrl\":\"https:\\\/\\\/secure.gravatar.com\\\/avatar\\\/4ff9bceb40c1aa940e8a5b81ec658fcf833720e75f51fbbf9bdf882ee4b75825?s=96&d=mm&r=g\",\"caption\":\"Matthieu Schenk\"},\"url\":\"https:\\\/\\\/www.engagement.fr\\\/en\\\/author\\\/matthieu-schenk\\\/\"}]}<\/script>\n<!-- \/ Yoast SEO plugin. -->","yoast_head_json":{"title":"Call for Projects \"Orsay Lab\" - Propose Your Project to the Mus\u00e9e d'Orsay - Institut de l'Engagement","robots":{"index":"index","follow":"follow","max-snippet":"max-snippet:-1","max-image-preview":"max-image-preview:large","max-video-preview":"max-video-preview:-1"},"canonical":"https:\/\/www.engagement.fr\/en\/call-for-projects-orsay-lab-propose-your-project-to-the-musee-dorsay\/","og_locale":"en_GB","og_type":"article","og_title":"Appel \u00e0 projet \"Orsay Lab\" - Proposez votre projet au Mus\u00e9e d'Orsay - Institut de l&#039;Engagement","og_description":"Vous avez entre 18 et 25 ans ? Vous avez une id\u00e9e originale pour faire entrer en r\u00e9sonnance le mus\u00e9e d\u2019Orsay et\/ou les collections du mus\u00e9e avec le monde contemporain ?","og_url":"https:\/\/www.engagement.fr\/en\/call-for-projects-orsay-lab-propose-your-project-to-the-musee-dorsay\/","og_site_name":"Institut de l&#039;Engagement","article_publisher":"https:\/\/www.facebook.com\/Institut.Engagement","article_published_time":"2025-07-07T13:41:31+00:00","article_modified_time":"2025-12-18T10:28:07+00:00","og_image":[{"width":1000,"height":600,"url":"https:\/\/www.engagement.fr\/wp-content\/uploads\/2025\/07\/Orsay-Lab.png","type":"image\/png"}],"author":"Matthieu Schenk","twitter_card":"summary_large_image","twitter_creator":"@i_engagement","twitter_site":"@i_engagement","twitter_misc":{"Written by":"Matthieu Schenk","Estimated reading time":"3 minutes"},"schema":{"@context":"https:\/\/schema.org","@graph":[{"@type":"Article","@id":"https:\/\/www.engagement.fr\/appel-a-projet-orsay-lab-proposez-votre-projet-au-musee-dorsay\/#article","isPartOf":{"@id":"https:\/\/www.engagement.fr\/appel-a-projet-orsay-lab-proposez-votre-projet-au-musee-dorsay\/"},"author":{"name":"Matthieu Schenk","@id":"https:\/\/www.engagement.fr\/#\/schema\/person\/ca1a3fb46adf15dc21e7869db78efd3a"},"headline":"Appel \u00e0 projet \u00ab\u00a0Orsay Lab\u00a0\u00bb &#8211; Proposez votre projet au Mus\u00e9e d&rsquo;Orsay","datePublished":"2025-07-07T13:41:31+00:00","dateModified":"2025-12-18T10:28:07+00:00","mainEntityOfPage":{"@id":"https:\/\/www.engagement.fr\/appel-a-projet-orsay-lab-proposez-votre-projet-au-musee-dorsay\/"},"wordCount":436,"commentCount":0,"publisher":{"@id":"https:\/\/www.engagement.fr\/#organization"},"image":{"@id":"https:\/\/www.engagement.fr\/appel-a-projet-orsay-lab-proposez-votre-projet-au-musee-dorsay\/#primaryimage"},"thumbnailUrl":"https:\/\/www.engagement.fr\/wp-content\/uploads\/2025\/07\/Orsay-Lab.png","articleSection":["Uncategorized"],"inLanguage":"en-GB","potentialAction":[{"@type":"CommentAction","name":"Comment","target":["https:\/\/www.engagement.fr\/appel-a-projet-orsay-lab-proposez-votre-projet-au-musee-dorsay\/#respond"]}]},{"@type":"WebPage","@id":"https:\/\/www.engagement.fr\/appel-a-projet-orsay-lab-proposez-votre-projet-au-musee-dorsay\/","url":"https:\/\/www.engagement.fr\/appel-a-projet-orsay-lab-proposez-votre-projet-au-musee-dorsay\/","name":"Call for Projects \"Orsay Lab\" - Propose Your Project to the Mus\u00e9e d'Orsay - Institut de l'Engagement","isPartOf":{"@id":"https:\/\/www.engagement.fr\/#website"},"primaryImageOfPage":{"@id":"https:\/\/www.engagement.fr\/appel-a-projet-orsay-lab-proposez-votre-projet-au-musee-dorsay\/#primaryimage"},"image":{"@id":"https:\/\/www.engagement.fr\/appel-a-projet-orsay-lab-proposez-votre-projet-au-musee-dorsay\/#primaryimage"},"thumbnailUrl":"https:\/\/www.engagement.fr\/wp-content\/uploads\/2025\/07\/Orsay-Lab.png","datePublished":"2025-07-07T13:41:31+00:00","dateModified":"2025-12-18T10:28:07+00:00","breadcrumb":{"@id":"https:\/\/www.engagement.fr\/appel-a-projet-orsay-lab-proposez-votre-projet-au-musee-dorsay\/#breadcrumb"},"inLanguage":"en-GB","potentialAction":[{"@type":"ReadAction","target":["https:\/\/www.engagement.fr\/appel-a-projet-orsay-lab-proposez-votre-projet-au-musee-dorsay\/"]}]},{"@type":"ImageObject","inLanguage":"en-GB","@id":"https:\/\/www.engagement.fr\/appel-a-projet-orsay-lab-proposez-votre-projet-au-musee-dorsay\/#primaryimage","url":"https:\/\/www.engagement.fr\/wp-content\/uploads\/2025\/07\/Orsay-Lab.png","contentUrl":"https:\/\/www.engagement.fr\/wp-content\/uploads\/2025\/07\/Orsay-Lab.png","width":1000,"height":600},{"@type":"BreadcrumbList","@id":"https:\/\/www.engagement.fr\/appel-a-projet-orsay-lab-proposez-votre-projet-au-musee-dorsay\/#breadcrumb","itemListElement":[{"@type":"ListItem","position":1,"name":"Accueil","item":"https:\/\/www.engagement.fr\/"},{"@type":"ListItem","position":2,"name":"Appel \u00e0 projet \u00ab\u00a0Orsay Lab\u00a0\u00bb &#8211; Proposez votre projet au Mus\u00e9e d&rsquo;Orsay"}]},{"@type":"WebSite","@id":"https:\/\/www.engagement.fr\/#website","url":"https:\/\/www.engagement.fr\/","name":"Institute of Commitment","description":"","publisher":{"@id":"https:\/\/www.engagement.fr\/#organization"},"potentialAction":[{"@type":"SearchAction","target":{"@type":"EntryPoint","urlTemplate":"https:\/\/www.engagement.fr\/?s={search_term_string}"},"query-input":{"@type":"PropertyValueSpecification","valueRequired":true,"valueName":"search_term_string"}}],"inLanguage":"en-GB"},{"@type":"Organization","@id":"https:\/\/www.engagement.fr\/#organization","name":"Institute of Commitment","url":"https:\/\/www.engagement.fr\/","logo":{"@type":"ImageObject","inLanguage":"en-GB","@id":"https:\/\/www.engagement.fr\/#\/schema\/logo\/image\/","url":"https:\/\/www.engagement.fr\/wp-content\/uploads\/2024\/06\/Institut-de-lEngagement-Principal-Horizontal.png","contentUrl":"https:\/\/www.engagement.fr\/wp-content\/uploads\/2024\/06\/Institut-de-lEngagement-Principal-Horizontal.png","width":3066,"height":646,"caption":"Institut de l'Engagement"},"image":{"@id":"https:\/\/www.engagement.fr\/#\/schema\/logo\/image\/"},"sameAs":["https:\/\/www.facebook.com\/Institut.Engagement","https:\/\/x.com\/i_engagement"]},{"@type":"Person","@id":"https:\/\/www.engagement.fr\/#\/schema\/person\/ca1a3fb46adf15dc21e7869db78efd3a","name":"Matthieu Schenk","image":{"@type":"ImageObject","inLanguage":"en-GB","@id":"https:\/\/secure.gravatar.com\/avatar\/4ff9bceb40c1aa940e8a5b81ec658fcf833720e75f51fbbf9bdf882ee4b75825?s=96&d=mm&r=g","url":"https:\/\/secure.gravatar.com\/avatar\/4ff9bceb40c1aa940e8a5b81ec658fcf833720e75f51fbbf9bdf882ee4b75825?s=96&d=mm&r=g","contentUrl":"https:\/\/secure.gravatar.com\/avatar\/4ff9bceb40c1aa940e8a5b81ec658fcf833720e75f51fbbf9bdf882ee4b75825?s=96&d=mm&r=g","caption":"Matthieu Schenk"},"url":"https:\/\/www.engagement.fr\/en\/author\/matthieu-schenk\/"}]}},"_links":{"self":[{"href":"https:\/\/www.engagement.fr\/en\/wp-json\/wp\/v2\/posts\/14571","targetHints":{"allow":["GET"]}}],"collection":[{"href":"https:\/\/www.engagement.fr\/en\/wp-json\/wp\/v2\/posts"}],"about":[{"href":"https:\/\/www.engagement.fr\/en\/wp-json\/wp\/v2\/types\/post"}],"author":[{"embeddable":true,"href":"https:\/\/www.engagement.fr\/en\/wp-json\/wp\/v2\/users\/4"}],"replies":[{"embeddable":true,"href":"https:\/\/www.engagement.fr\/en\/wp-json\/wp\/v2\/comments?post=14571"}],"version-history":[{"count":12,"href":"https:\/\/www.engagement.fr\/en\/wp-json\/wp\/v2\/posts\/14571\/revisions"}],"predecessor-version":[{"id":15913,"href":"https:\/\/www.engagement.fr\/en\/wp-json\/wp\/v2\/posts\/14571\/revisions\/15913"}],"wp:featuredmedia":[{"embeddable":true,"href":"https:\/\/www.engagement.fr\/en\/wp-json\/wp\/v2\/media\/15910"}],"wp:attachment":[{"href":"https:\/\/www.engagement.fr\/en\/wp-json\/wp\/v2\/media?parent=14571"}],"wp:term":[{"taxonomy":"category","embeddable":true,"href":"https:\/\/www.engagement.fr\/en\/wp-json\/wp\/v2\/categories?post=14571"},{"taxonomy":"post_tag","embeddable":true,"href":"https:\/\/www.engagement.fr\/en\/wp-json\/wp\/v2\/tags?post=14571"}],"curies":[{"name":"wp","href":"https:\/\/api.w.org\/{rel}","templated":true}]}}