{"id":11822,"date":"2024-11-01T14:30:37","date_gmt":"2024-11-01T14:30:37","guid":{"rendered":"https:\/\/www.engagement.fr\/?p=11822"},"modified":"2025-01-17T14:36:34","modified_gmt":"2025-01-17T14:36:34","slug":"mentors-and-mentorees-meet-at-the-mentoring-kick-off-event","status":"publish","type":"post","link":"https:\/\/www.engagement.fr\/en\/mentores-et-mentors-reunis-a-levenement-de-rentree-du-mentorat\/","title":{"rendered":"Mentees and mentors come together for the mentoring back-to-school event"},"content":{"rendered":"<div data-elementor-type=\"wp-post\" data-elementor-id=\"11822\" class=\"elementor elementor-11822\" data-elementor-post-type=\"post\">\n\t\t\t\t<div class=\"elementor-element elementor-element-569b0a3 e-con-full e-flex e-con e-parent\" data-id=\"569b0a3\" data-element_type=\"container\" data-e-type=\"container\" data-settings=\"{&quot;background_background&quot;:&quot;classic&quot;,&quot;background_motion_fx_motion_fx_mouse&quot;:&quot;yes&quot;,&quot;background_motion_fx_mouseTrack_effect&quot;:&quot;yes&quot;,&quot;background_motion_fx_mouseTrack_speed&quot;:{&quot;unit&quot;:&quot;px&quot;,&quot;size&quot;:1,&quot;sizes&quot;:[]}}\">\n\t\t<div class=\"elementor-element elementor-element-64616b5 e-flex e-con-boxed e-con e-child\" data-id=\"64616b5\" data-element_type=\"container\" data-e-type=\"container\" data-settings=\"{&quot;background_background&quot;:&quot;classic&quot;}\">\n\t\t\t\t\t<div class=\"e-con-inner\">\n\t\t<div class=\"elementor-element elementor-element-c38a6a3 e-con-full e-flex e-con e-child\" data-id=\"c38a6a3\" data-element_type=\"container\" data-e-type=\"container\">\n\t\t\t\t<div class=\"elementor-element elementor-element-211f1f6 elementor-invisible elementor-widget elementor-widget-text-editor\" data-id=\"211f1f6\" data-element_type=\"widget\" data-e-type=\"widget\" data-settings=\"{&quot;_animation&quot;:&quot;fadeIn&quot;,&quot;_animation_delay&quot;:500}\" data-widget_type=\"text-editor.default\">\n\t\t\t\t<div class=\"elementor-widget-container\">\n\t\t\t\t\t\t\t\t\tNovember 1, 2024\t\t\t\t\t\t\t\t<\/div>\n\t\t\t\t<\/div>\n\t\t\t\t<div class=\"elementor-element elementor-element-fc5633f elementor-widget-divider--view-line elementor-invisible elementor-widget elementor-widget-divider\" data-id=\"fc5633f\" data-element_type=\"widget\" data-e-type=\"widget\" data-settings=\"{&quot;_animation&quot;:&quot;fadeInUp&quot;}\" data-widget_type=\"divider.default\">\n\t\t\t\t<div class=\"elementor-widget-container\">\n\t\t\t\t\t\t\t<div class=\"elementor-divider\">\n\t\t\t<span class=\"elementor-divider-separator\">\n\t\t\t\t\t\t<\/span>\n\t\t<\/div>\n\t\t\t\t\t\t<\/div>\n\t\t\t\t<\/div>\n\t\t\t\t<div class=\"elementor-element elementor-element-c783a2c elementor-invisible elementor-widget elementor-widget-heading\" data-id=\"c783a2c\" data-element_type=\"widget\" data-e-type=\"widget\" data-settings=\"{&quot;_animation&quot;:&quot;fadeInUp&quot;}\" data-widget_type=\"heading.default\">\n\t\t\t\t<div class=\"elementor-widget-container\">\n\t\t\t\t\t<h1 class=\"elementor-heading-title elementor-size-default\">Mentees and mentors come together for a back-to-school mentoring event<\/h1>\t\t\t\t<\/div>\n\t\t\t\t<\/div>\n\t\t<div class=\"elementor-element elementor-element-6a2c7aa e-flex e-con-boxed e-con e-child\" data-id=\"6a2c7aa\" data-element_type=\"container\" data-e-type=\"container\">\n\t\t\t\t\t<div class=\"e-con-inner\">\n\t\t\t\t<div class=\"elementor-element elementor-element-8ee00c1 elementor-align-center elementor-invisible elementor-widget elementor-widget-lottie\" data-id=\"8ee00c1\" data-element_type=\"widget\" data-e-type=\"widget\" data-settings=\"{&quot;source_json&quot;:{&quot;url&quot;:&quot;https:\\\/\\\/www.engagement.fr\\\/wp-content\\\/uploads\\\/2024\\\/03\\\/2810-arrow-down.json&quot;,&quot;id&quot;:1401,&quot;size&quot;:&quot;&quot;,&quot;alt&quot;:&quot;&quot;,&quot;source&quot;:&quot;library&quot;},&quot;loop&quot;:&quot;yes&quot;,&quot;_animation&quot;:&quot;fadeIn&quot;,&quot;_animation_delay&quot;:600,&quot;source&quot;:&quot;media_file&quot;,&quot;caption_source&quot;:&quot;none&quot;,&quot;link_to&quot;:&quot;none&quot;,&quot;trigger&quot;:&quot;arriving_to_viewport&quot;,&quot;viewport&quot;:{&quot;unit&quot;:&quot;%&quot;,&quot;size&quot;:&quot;&quot;,&quot;sizes&quot;:{&quot;start&quot;:0,&quot;end&quot;:100}},&quot;play_speed&quot;:{&quot;unit&quot;:&quot;px&quot;,&quot;size&quot;:1,&quot;sizes&quot;:[]},&quot;start_point&quot;:{&quot;unit&quot;:&quot;%&quot;,&quot;size&quot;:0,&quot;sizes&quot;:[]},&quot;end_point&quot;:{&quot;unit&quot;:&quot;%&quot;,&quot;size&quot;:100,&quot;sizes&quot;:[]},&quot;renderer&quot;:&quot;svg&quot;}\" data-widget_type=\"lottie.default\">\n\t\t\t\t<div class=\"elementor-widget-container\">\n\t\t\t\t\t<div class=\"e-lottie__container\"><div class=\"e-lottie__animation\"><\/div><\/div>\t\t\t\t<\/div>\n\t\t\t\t<\/div>\n\t\t\t\t\t<\/div>\n\t\t\t\t<\/div>\n\t\t\t\t<\/div>\n\t\t\t\t\t<\/div>\n\t\t\t\t<\/div>\n\t\t\t\t<\/div>\n\t\t<div class=\"elementor-element elementor-element-e8ab51a e-flex e-con-boxed e-con e-parent\" data-id=\"e8ab51a\" data-element_type=\"container\" data-e-type=\"container\" data-settings=\"{&quot;background_background&quot;:&quot;classic&quot;}\">\n\t\t\t\t\t<div class=\"e-con-inner\">\n\t\t\t\t<div class=\"elementor-element elementor-element-50317e3 elementor-widget elementor-widget-text-editor\" data-id=\"50317e3\" data-element_type=\"widget\" data-e-type=\"widget\" data-widget_type=\"text-editor.default\">\n\t\t\t\t<div class=\"elementor-widget-container\">\n\t\t\t\t\t\t\t\t\t<p>On Wednesday 30 October, mentees and mentors from the Institut were brought together for a back-to-school event for the mentoring programme, at the Ascenseur-Paris Bastille.<\/p><p>It was a chance for them to meet and talk informally, and it gave the young people the opportunity to discuss their projects with each other, but also to submit them to the scrutiny of a mentor other than their own.<\/p><p>Participants also took part in a workshop led by Annie Cattan, mentor at the Institut, on active listening, one of the key principles of mentoring.<\/p>\t\t\t\t\t\t\t\t<\/div>\n\t\t\t\t<\/div>\n\t\t\t\t<div class=\"elementor-element elementor-element-13a4c05 elementor-widget elementor-widget-image\" data-id=\"13a4c05\" data-element_type=\"widget\" data-e-type=\"widget\" data-widget_type=\"image.default\">\n\t\t\t\t<div class=\"elementor-widget-container\">\n\t\t\t\t\t\t\t\t\t\t\t\t\t\t\t<img fetchpriority=\"high\" decoding=\"async\" width=\"2560\" height=\"1707\" src=\"https:\/\/www.engagement.fr\/wp-content\/uploads\/2025\/01\/DSC_3467-scaled.jpg\" class=\"attachment-full size-full wp-image-12042\" alt=\"\" srcset=\"https:\/\/www.engagement.fr\/wp-content\/uploads\/2025\/01\/DSC_3467-scaled.jpg 2560w, https:\/\/www.engagement.fr\/wp-content\/uploads\/2025\/01\/DSC_3467-300x200.jpg 300w, https:\/\/www.engagement.fr\/wp-content\/uploads\/2025\/01\/DSC_3467-1024x683.jpg 1024w, https:\/\/www.engagement.fr\/wp-content\/uploads\/2025\/01\/DSC_3467-768x512.jpg 768w, https:\/\/www.engagement.fr\/wp-content\/uploads\/2025\/01\/DSC_3467-1536x1024.jpg 1536w, https:\/\/www.engagement.fr\/wp-content\/uploads\/2025\/01\/DSC_3467-2048x1365.jpg 2048w\" sizes=\"(max-width: 2560px) 100vw, 2560px\" \/>\t\t\t\t\t\t\t\t\t\t\t\t\t\t\t<\/div>\n\t\t\t\t<\/div>\n\t\t\t\t\t<\/div>\n\t\t\t\t<\/div>\n\t\t<div class=\"elementor-element elementor-element-a054bb3 e-con-full e-flex e-con e-parent\" data-id=\"a054bb3\" data-element_type=\"container\" data-e-type=\"container\">\n\t\t\t\t<div class=\"elementor-element elementor-element-89d3b5c elementor-post-navigation-borders-yes elementor-widget elementor-widget-post-navigation\" data-id=\"89d3b5c\" data-element_type=\"widget\" data-e-type=\"widget\" data-widget_type=\"post-navigation.default\">\n\t\t\t\t<div class=\"elementor-widget-container\">\n\t\t\t\t\t\t\t<div class=\"elementor-post-navigation\" role=\"navigation\" aria-label=\"Post Navigation\">\n\t\t\t<div class=\"elementor-post-navigation__prev elementor-post-navigation__link\">\n\t\t\t\t<a href=\"https:\/\/www.engagement.fr\/en\/decouvrez-la-liste-des-laureats-du-programme-laureats-pour-la-session-dautomne-2024\/\" rel=\"prev\"><span class=\"post-navigation__arrow-wrapper post-navigation__arrow-prev\"><svg aria-hidden=\"true\" class=\"e-font-icon-svg e-fas-angle-left\" viewbox=\"0 0 256 512\" xmlns=\"http:\/\/www.w3.org\/2000\/svg\"><path d=\"M31.7 239l136-136c9.4-9.4 24.6-9.4 33.9 0l22.6 22.6c9.4 9.4 9.4 24.6 0 33.9L127.9 256l96.4 96.4c9.4 9.4 9.4 24.6 0 33.9L201.7 409c-9.4 9.4-24.6 9.4-33.9 0l-136-136c-9.5-9.4-9.5-24.6-.1-34z\"><\/path><\/svg><span class=\"elementor-screen-only\">Previous<\/span><\/span><span class=\"elementor-post-navigation__link__prev\"><span class=\"post-navigation__prev--label\">Previous<\/span><span class=\"post-navigation__prev--title\">D\u00e9couvrez la liste des candidats admissibles \u00e0 l&rsquo;oral du programme \u00ab\u00a0laur\u00e9ats\u00a0\u00bb pour la session d&rsquo;automne 2024<\/span><\/span><\/a>\t\t\t<\/div>\n\t\t\t\t\t\t\t<div class=\"elementor-post-navigation__separator-wrapper\">\n\t\t\t\t\t<div class=\"elementor-post-navigation__separator\"><\/div>\n\t\t\t\t<\/div>\n\t\t\t\t\t\t<div class=\"elementor-post-navigation__next elementor-post-navigation__link\">\n\t\t\t\t<a href=\"https:\/\/www.engagement.fr\/en\/des-laureats-et-mentores-decouvrent-les-metiers-du-conseil-grace-a-colombus-consulting-2\/\" rel=\"next\"><span class=\"elementor-post-navigation__link__next\"><span class=\"post-navigation__next--label\">Next<\/span><span class=\"post-navigation__next--title\">Campus de l'Engagement \"Culture and Ecology\" at the Mus\u00e9e d'Orsay<\/span><\/span><span class=\"post-navigation__arrow-wrapper post-navigation__arrow-next\"><svg aria-hidden=\"true\" class=\"e-font-icon-svg e-fas-angle-right\" viewbox=\"0 0 256 512\" xmlns=\"http:\/\/www.w3.org\/2000\/svg\"><path d=\"M224.3 273l-136 136c-9.4 9.4-24.6 9.4-33.9 0l-22.6-22.6c-9.4-9.4-9.4-24.6 0-33.9l96.4-96.4-96.4-96.4c-9.4-9.4-9.4-24.6 0-33.9L54.3 103c9.4-9.4 24.6-9.4 33.9 0l136 136c9.5 9.4 9.5 24.6.1 34z\"><\/path><\/svg><span class=\"elementor-screen-only\">Next<\/span><\/span><\/a>\t\t\t<\/div>\n\t\t<\/div>\n\t\t\t\t\t\t<\/div>\n\t\t\t\t<\/div>\n\t\t\t\t<\/div>\n\t\t\t\t<\/div>","protected":false},"excerpt":{"rendered":"<p>A look back at the mentoring programme's back-to-school event at Ascenseur-Paris Bastille<\/p>","protected":false},"author":3,"featured_media":12042,"comment_status":"open","ping_status":"open","sticky":false,"template":"elementor_header_footer","format":"standard","meta":{"footnotes":""},"categories":[1],"tags":[],"class_list":["post-11822","post","type-post","status-publish","format-standard","has-post-thumbnail","hentry","category-uncategorized"],"yoast_head":"<!-- This site is optimized with the Yoast SEO plugin v27.5 - https:\/\/yoast.com\/product\/yoast-seo-wordpress\/ -->\n<title>Mentor\u00e9s et mentors r\u00e9unis \u00e0 l&#039;\u00e9v\u00e9nement de rentr\u00e9e du mentorat - Institut de l&#039;Engagement<\/title>\n<meta name=\"robots\" content=\"index, follow, max-snippet:-1, max-image-preview:large, max-video-preview:-1\" \/>\n<link rel=\"canonical\" href=\"https:\/\/www.engagement.fr\/en\/mentors-and-mentorees-meet-at-the-mentoring-kick-off-event\/\" \/>\n<meta property=\"og:locale\" content=\"en_GB\" \/>\n<meta property=\"og:type\" content=\"article\" \/>\n<meta property=\"og:title\" content=\"Mentor\u00e9s et mentors r\u00e9unis \u00e0 l&#039;\u00e9v\u00e9nement de rentr\u00e9e du mentorat - Institut de l&#039;Engagement\" \/>\n<meta property=\"og:description\" content=\"Retour sur l&#039;\u00e9v\u00e9nement de rentr\u00e9e du programme mentorat, \u00e0 l&#039;Ascenseur-Paris Bastille\" \/>\n<meta property=\"og:url\" content=\"https:\/\/www.engagement.fr\/en\/mentors-and-mentorees-meet-at-the-mentoring-kick-off-event\/\" \/>\n<meta property=\"og:site_name\" content=\"Institut de l&#039;Engagement\" \/>\n<meta property=\"article:publisher\" content=\"https:\/\/www.facebook.com\/Institut.Engagement\" \/>\n<meta property=\"article:published_time\" content=\"2024-11-01T14:30:37+00:00\" \/>\n<meta property=\"article:modified_time\" content=\"2025-01-17T14:36:34+00:00\" \/>\n<meta property=\"og:image\" content=\"https:\/\/www.engagement.fr\/wp-content\/uploads\/2025\/01\/DSC_3467-scaled.jpg\" \/>\n\t<meta property=\"og:image:width\" content=\"2560\" \/>\n\t<meta property=\"og:image:height\" content=\"1707\" \/>\n\t<meta property=\"og:image:type\" content=\"image\/jpeg\" \/>\n<meta name=\"author\" content=\"C\u00e9cile Torrent\" \/>\n<meta name=\"twitter:card\" content=\"summary_large_image\" \/>\n<meta name=\"twitter:creator\" content=\"@i_engagement\" \/>\n<meta name=\"twitter:site\" content=\"@i_engagement\" \/>\n<meta name=\"twitter:label1\" content=\"Written by\" \/>\n\t<meta name=\"twitter:data1\" content=\"C\u00e9cile Torrent\" \/>\n\t<meta name=\"twitter:label2\" content=\"Estimated reading time\" \/>\n\t<meta name=\"twitter:data2\" content=\"1 minute\" \/>\n<script type=\"application\/ld+json\" class=\"yoast-schema-graph\">{\"@context\":\"https:\\\/\\\/schema.org\",\"@graph\":[{\"@type\":\"Article\",\"@id\":\"https:\\\/\\\/www.engagement.fr\\\/mentores-et-mentors-reunis-a-levenement-de-rentree-du-mentorat\\\/#article\",\"isPartOf\":{\"@id\":\"https:\\\/\\\/www.engagement.fr\\\/mentores-et-mentors-reunis-a-levenement-de-rentree-du-mentorat\\\/\"},\"author\":{\"name\":\"C\u00e9cile Torrent\",\"@id\":\"https:\\\/\\\/www.engagement.fr\\\/#\\\/schema\\\/person\\\/3dba0becc5aaeefec7fef141f0459ac3\"},\"headline\":\"Mentor\u00e9s et mentors r\u00e9unis \u00e0 l&rsquo;\u00e9v\u00e9nement de rentr\u00e9e du mentorat\",\"datePublished\":\"2024-11-01T14:30:37+00:00\",\"dateModified\":\"2025-01-17T14:36:34+00:00\",\"mainEntityOfPage\":{\"@id\":\"https:\\\/\\\/www.engagement.fr\\\/mentores-et-mentors-reunis-a-levenement-de-rentree-du-mentorat\\\/\"},\"wordCount\":124,\"commentCount\":0,\"publisher\":{\"@id\":\"https:\\\/\\\/www.engagement.fr\\\/#organization\"},\"image\":{\"@id\":\"https:\\\/\\\/www.engagement.fr\\\/mentores-et-mentors-reunis-a-levenement-de-rentree-du-mentorat\\\/#primaryimage\"},\"thumbnailUrl\":\"https:\\\/\\\/www.engagement.fr\\\/wp-content\\\/uploads\\\/2025\\\/01\\\/DSC_3467-scaled.jpg\",\"articleSection\":[\"Uncategorized\"],\"inLanguage\":\"en-GB\",\"potentialAction\":[{\"@type\":\"CommentAction\",\"name\":\"Comment\",\"target\":[\"https:\\\/\\\/www.engagement.fr\\\/mentores-et-mentors-reunis-a-levenement-de-rentree-du-mentorat\\\/#respond\"]}]},{\"@type\":\"WebPage\",\"@id\":\"https:\\\/\\\/www.engagement.fr\\\/mentores-et-mentors-reunis-a-levenement-de-rentree-du-mentorat\\\/\",\"url\":\"https:\\\/\\\/www.engagement.fr\\\/mentores-et-mentors-reunis-a-levenement-de-rentree-du-mentorat\\\/\",\"name\":\"Mentor\u00e9s et mentors r\u00e9unis \u00e0 l'\u00e9v\u00e9nement de rentr\u00e9e du mentorat - Institut de l&#039;Engagement\",\"isPartOf\":{\"@id\":\"https:\\\/\\\/www.engagement.fr\\\/#website\"},\"primaryImageOfPage\":{\"@id\":\"https:\\\/\\\/www.engagement.fr\\\/mentores-et-mentors-reunis-a-levenement-de-rentree-du-mentorat\\\/#primaryimage\"},\"image\":{\"@id\":\"https:\\\/\\\/www.engagement.fr\\\/mentores-et-mentors-reunis-a-levenement-de-rentree-du-mentorat\\\/#primaryimage\"},\"thumbnailUrl\":\"https:\\\/\\\/www.engagement.fr\\\/wp-content\\\/uploads\\\/2025\\\/01\\\/DSC_3467-scaled.jpg\",\"datePublished\":\"2024-11-01T14:30:37+00:00\",\"dateModified\":\"2025-01-17T14:36:34+00:00\",\"breadcrumb\":{\"@id\":\"https:\\\/\\\/www.engagement.fr\\\/mentores-et-mentors-reunis-a-levenement-de-rentree-du-mentorat\\\/#breadcrumb\"},\"inLanguage\":\"en-GB\",\"potentialAction\":[{\"@type\":\"ReadAction\",\"target\":[\"https:\\\/\\\/www.engagement.fr\\\/mentores-et-mentors-reunis-a-levenement-de-rentree-du-mentorat\\\/\"]}]},{\"@type\":\"ImageObject\",\"inLanguage\":\"en-GB\",\"@id\":\"https:\\\/\\\/www.engagement.fr\\\/mentores-et-mentors-reunis-a-levenement-de-rentree-du-mentorat\\\/#primaryimage\",\"url\":\"https:\\\/\\\/www.engagement.fr\\\/wp-content\\\/uploads\\\/2025\\\/01\\\/DSC_3467-scaled.jpg\",\"contentUrl\":\"https:\\\/\\\/www.engagement.fr\\\/wp-content\\\/uploads\\\/2025\\\/01\\\/DSC_3467-scaled.jpg\",\"width\":2560,\"height\":1707},{\"@type\":\"BreadcrumbList\",\"@id\":\"https:\\\/\\\/www.engagement.fr\\\/mentores-et-mentors-reunis-a-levenement-de-rentree-du-mentorat\\\/#breadcrumb\",\"itemListElement\":[{\"@type\":\"ListItem\",\"position\":1,\"name\":\"Accueil\",\"item\":\"https:\\\/\\\/www.engagement.fr\\\/\"},{\"@type\":\"ListItem\",\"position\":2,\"name\":\"Mentor\u00e9s et mentors r\u00e9unis \u00e0 l&rsquo;\u00e9v\u00e9nement de rentr\u00e9e du mentorat\"}]},{\"@type\":\"WebSite\",\"@id\":\"https:\\\/\\\/www.engagement.fr\\\/#website\",\"url\":\"https:\\\/\\\/www.engagement.fr\\\/\",\"name\":\"Institut de l'Engagement\",\"description\":\"\",\"publisher\":{\"@id\":\"https:\\\/\\\/www.engagement.fr\\\/#organization\"},\"potentialAction\":[{\"@type\":\"SearchAction\",\"target\":{\"@type\":\"EntryPoint\",\"urlTemplate\":\"https:\\\/\\\/www.engagement.fr\\\/?s={search_term_string}\"},\"query-input\":{\"@type\":\"PropertyValueSpecification\",\"valueRequired\":true,\"valueName\":\"search_term_string\"}}],\"inLanguage\":\"en-GB\"},{\"@type\":\"Organization\",\"@id\":\"https:\\\/\\\/www.engagement.fr\\\/#organization\",\"name\":\"Institut de l'Engagement\",\"url\":\"https:\\\/\\\/www.engagement.fr\\\/\",\"logo\":{\"@type\":\"ImageObject\",\"inLanguage\":\"en-GB\",\"@id\":\"https:\\\/\\\/www.engagement.fr\\\/#\\\/schema\\\/logo\\\/image\\\/\",\"url\":\"https:\\\/\\\/www.engagement.fr\\\/wp-content\\\/uploads\\\/2024\\\/06\\\/Institut-de-lEngagement-Principal-Horizontal.png\",\"contentUrl\":\"https:\\\/\\\/www.engagement.fr\\\/wp-content\\\/uploads\\\/2024\\\/06\\\/Institut-de-lEngagement-Principal-Horizontal.png\",\"width\":3066,\"height\":646,\"caption\":\"Institut de l'Engagement\"},\"image\":{\"@id\":\"https:\\\/\\\/www.engagement.fr\\\/#\\\/schema\\\/logo\\\/image\\\/\"},\"sameAs\":[\"https:\\\/\\\/www.facebook.com\\\/Institut.Engagement\",\"https:\\\/\\\/x.com\\\/i_engagement\"]},{\"@type\":\"Person\",\"@id\":\"https:\\\/\\\/www.engagement.fr\\\/#\\\/schema\\\/person\\\/3dba0becc5aaeefec7fef141f0459ac3\",\"name\":\"C\u00e9cile Torrent\",\"image\":{\"@type\":\"ImageObject\",\"inLanguage\":\"en-GB\",\"@id\":\"https:\\\/\\\/secure.gravatar.com\\\/avatar\\\/840b24c18ea6041af984d3563e207a432ee596987f723896a5b1b34f3e599023?s=96&d=mm&r=g\",\"url\":\"https:\\\/\\\/secure.gravatar.com\\\/avatar\\\/840b24c18ea6041af984d3563e207a432ee596987f723896a5b1b34f3e599023?s=96&d=mm&r=g\",\"contentUrl\":\"https:\\\/\\\/secure.gravatar.com\\\/avatar\\\/840b24c18ea6041af984d3563e207a432ee596987f723896a5b1b34f3e599023?s=96&d=mm&r=g\",\"caption\":\"C\u00e9cile Torrent\"},\"url\":\"https:\\\/\\\/www.engagement.fr\\\/en\\\/author\\\/cecile-torrent\\\/\"}]}<\/script>\n<!-- \/ Yoast SEO plugin. -->","yoast_head_json":{"title":"Mentees and mentors come together at the back-to-school mentoring event - Institut de l'Engagement","robots":{"index":"index","follow":"follow","max-snippet":"max-snippet:-1","max-image-preview":"max-image-preview:large","max-video-preview":"max-video-preview:-1"},"canonical":"https:\/\/www.engagement.fr\/en\/mentors-and-mentorees-meet-at-the-mentoring-kick-off-event\/","og_locale":"en_GB","og_type":"article","og_title":"Mentor\u00e9s et mentors r\u00e9unis \u00e0 l'\u00e9v\u00e9nement de rentr\u00e9e du mentorat - Institut de l&#039;Engagement","og_description":"Retour sur l'\u00e9v\u00e9nement de rentr\u00e9e du programme mentorat, \u00e0 l'Ascenseur-Paris Bastille","og_url":"https:\/\/www.engagement.fr\/en\/mentors-and-mentorees-meet-at-the-mentoring-kick-off-event\/","og_site_name":"Institut de l&#039;Engagement","article_publisher":"https:\/\/www.facebook.com\/Institut.Engagement","article_published_time":"2024-11-01T14:30:37+00:00","article_modified_time":"2025-01-17T14:36:34+00:00","og_image":[{"width":2560,"height":1707,"url":"https:\/\/www.engagement.fr\/wp-content\/uploads\/2025\/01\/DSC_3467-scaled.jpg","type":"image\/jpeg"}],"author":"C\u00e9cile Torrent","twitter_card":"summary_large_image","twitter_creator":"@i_engagement","twitter_site":"@i_engagement","twitter_misc":{"Written by":"C\u00e9cile Torrent","Estimated reading time":"1 minute"},"schema":{"@context":"https:\/\/schema.org","@graph":[{"@type":"Article","@id":"https:\/\/www.engagement.fr\/mentores-et-mentors-reunis-a-levenement-de-rentree-du-mentorat\/#article","isPartOf":{"@id":"https:\/\/www.engagement.fr\/mentores-et-mentors-reunis-a-levenement-de-rentree-du-mentorat\/"},"author":{"name":"C\u00e9cile Torrent","@id":"https:\/\/www.engagement.fr\/#\/schema\/person\/3dba0becc5aaeefec7fef141f0459ac3"},"headline":"Mentor\u00e9s et mentors r\u00e9unis \u00e0 l&rsquo;\u00e9v\u00e9nement de rentr\u00e9e du mentorat","datePublished":"2024-11-01T14:30:37+00:00","dateModified":"2025-01-17T14:36:34+00:00","mainEntityOfPage":{"@id":"https:\/\/www.engagement.fr\/mentores-et-mentors-reunis-a-levenement-de-rentree-du-mentorat\/"},"wordCount":124,"commentCount":0,"publisher":{"@id":"https:\/\/www.engagement.fr\/#organization"},"image":{"@id":"https:\/\/www.engagement.fr\/mentores-et-mentors-reunis-a-levenement-de-rentree-du-mentorat\/#primaryimage"},"thumbnailUrl":"https:\/\/www.engagement.fr\/wp-content\/uploads\/2025\/01\/DSC_3467-scaled.jpg","articleSection":["Uncategorized"],"inLanguage":"en-GB","potentialAction":[{"@type":"CommentAction","name":"Comment","target":["https:\/\/www.engagement.fr\/mentores-et-mentors-reunis-a-levenement-de-rentree-du-mentorat\/#respond"]}]},{"@type":"WebPage","@id":"https:\/\/www.engagement.fr\/mentores-et-mentors-reunis-a-levenement-de-rentree-du-mentorat\/","url":"https:\/\/www.engagement.fr\/mentores-et-mentors-reunis-a-levenement-de-rentree-du-mentorat\/","name":"Mentees and mentors come together at the back-to-school mentoring event - Institut de l'Engagement","isPartOf":{"@id":"https:\/\/www.engagement.fr\/#website"},"primaryImageOfPage":{"@id":"https:\/\/www.engagement.fr\/mentores-et-mentors-reunis-a-levenement-de-rentree-du-mentorat\/#primaryimage"},"image":{"@id":"https:\/\/www.engagement.fr\/mentores-et-mentors-reunis-a-levenement-de-rentree-du-mentorat\/#primaryimage"},"thumbnailUrl":"https:\/\/www.engagement.fr\/wp-content\/uploads\/2025\/01\/DSC_3467-scaled.jpg","datePublished":"2024-11-01T14:30:37+00:00","dateModified":"2025-01-17T14:36:34+00:00","breadcrumb":{"@id":"https:\/\/www.engagement.fr\/mentores-et-mentors-reunis-a-levenement-de-rentree-du-mentorat\/#breadcrumb"},"inLanguage":"en-GB","potentialAction":[{"@type":"ReadAction","target":["https:\/\/www.engagement.fr\/mentores-et-mentors-reunis-a-levenement-de-rentree-du-mentorat\/"]}]},{"@type":"ImageObject","inLanguage":"en-GB","@id":"https:\/\/www.engagement.fr\/mentores-et-mentors-reunis-a-levenement-de-rentree-du-mentorat\/#primaryimage","url":"https:\/\/www.engagement.fr\/wp-content\/uploads\/2025\/01\/DSC_3467-scaled.jpg","contentUrl":"https:\/\/www.engagement.fr\/wp-content\/uploads\/2025\/01\/DSC_3467-scaled.jpg","width":2560,"height":1707},{"@type":"BreadcrumbList","@id":"https:\/\/www.engagement.fr\/mentores-et-mentors-reunis-a-levenement-de-rentree-du-mentorat\/#breadcrumb","itemListElement":[{"@type":"ListItem","position":1,"name":"Accueil","item":"https:\/\/www.engagement.fr\/"},{"@type":"ListItem","position":2,"name":"Mentor\u00e9s et mentors r\u00e9unis \u00e0 l&rsquo;\u00e9v\u00e9nement de rentr\u00e9e du mentorat"}]},{"@type":"WebSite","@id":"https:\/\/www.engagement.fr\/#website","url":"https:\/\/www.engagement.fr\/","name":"Institute of Commitment","description":"","publisher":{"@id":"https:\/\/www.engagement.fr\/#organization"},"potentialAction":[{"@type":"SearchAction","target":{"@type":"EntryPoint","urlTemplate":"https:\/\/www.engagement.fr\/?s={search_term_string}"},"query-input":{"@type":"PropertyValueSpecification","valueRequired":true,"valueName":"search_term_string"}}],"inLanguage":"en-GB"},{"@type":"Organization","@id":"https:\/\/www.engagement.fr\/#organization","name":"Institute of Commitment","url":"https:\/\/www.engagement.fr\/","logo":{"@type":"ImageObject","inLanguage":"en-GB","@id":"https:\/\/www.engagement.fr\/#\/schema\/logo\/image\/","url":"https:\/\/www.engagement.fr\/wp-content\/uploads\/2024\/06\/Institut-de-lEngagement-Principal-Horizontal.png","contentUrl":"https:\/\/www.engagement.fr\/wp-content\/uploads\/2024\/06\/Institut-de-lEngagement-Principal-Horizontal.png","width":3066,"height":646,"caption":"Institut de l'Engagement"},"image":{"@id":"https:\/\/www.engagement.fr\/#\/schema\/logo\/image\/"},"sameAs":["https:\/\/www.facebook.com\/Institut.Engagement","https:\/\/x.com\/i_engagement"]},{"@type":"Person","@id":"https:\/\/www.engagement.fr\/#\/schema\/person\/3dba0becc5aaeefec7fef141f0459ac3","name":"C\u00e9cile Torrent","image":{"@type":"ImageObject","inLanguage":"en-GB","@id":"https:\/\/secure.gravatar.com\/avatar\/840b24c18ea6041af984d3563e207a432ee596987f723896a5b1b34f3e599023?s=96&d=mm&r=g","url":"https:\/\/secure.gravatar.com\/avatar\/840b24c18ea6041af984d3563e207a432ee596987f723896a5b1b34f3e599023?s=96&d=mm&r=g","contentUrl":"https:\/\/secure.gravatar.com\/avatar\/840b24c18ea6041af984d3563e207a432ee596987f723896a5b1b34f3e599023?s=96&d=mm&r=g","caption":"C\u00e9cile Torrent"},"url":"https:\/\/www.engagement.fr\/en\/author\/cecile-torrent\/"}]}},"_links":{"self":[{"href":"https:\/\/www.engagement.fr\/en\/wp-json\/wp\/v2\/posts\/11822","targetHints":{"allow":["GET"]}}],"collection":[{"href":"https:\/\/www.engagement.fr\/en\/wp-json\/wp\/v2\/posts"}],"about":[{"href":"https:\/\/www.engagement.fr\/en\/wp-json\/wp\/v2\/types\/post"}],"author":[{"embeddable":true,"href":"https:\/\/www.engagement.fr\/en\/wp-json\/wp\/v2\/users\/3"}],"replies":[{"embeddable":true,"href":"https:\/\/www.engagement.fr\/en\/wp-json\/wp\/v2\/comments?post=11822"}],"version-history":[{"count":7,"href":"https:\/\/www.engagement.fr\/en\/wp-json\/wp\/v2\/posts\/11822\/revisions"}],"predecessor-version":[{"id":12050,"href":"https:\/\/www.engagement.fr\/en\/wp-json\/wp\/v2\/posts\/11822\/revisions\/12050"}],"wp:featuredmedia":[{"embeddable":true,"href":"https:\/\/www.engagement.fr\/en\/wp-json\/wp\/v2\/media\/12042"}],"wp:attachment":[{"href":"https:\/\/www.engagement.fr\/en\/wp-json\/wp\/v2\/media?parent=11822"}],"wp:term":[{"taxonomy":"category","embeddable":true,"href":"https:\/\/www.engagement.fr\/en\/wp-json\/wp\/v2\/categories?post=11822"},{"taxonomy":"post_tag","embeddable":true,"href":"https:\/\/www.engagement.fr\/en\/wp-json\/wp\/v2\/tags?post=11822"}],"curies":[{"name":"wp","href":"https:\/\/api.w.org\/{rel}","templated":true}]}}