{"id":11369,"date":"2024-08-28T14:07:54","date_gmt":"2024-08-28T14:07:54","guid":{"rendered":"https:\/\/www.engagement.fr\/?p=11369"},"modified":"2024-10-23T11:52:49","modified_gmt":"2024-10-23T11:52:49","slug":"join-us-in-creating-the-fall-2024-class-of-winners-by-taking-part-in-the-application-process","status":"publish","type":"post","link":"https:\/\/www.engagement.fr\/en\/composez-avec-nous-la-promotion-dautomne-2024-de-laureats-en-participant-a-la-procedure-dadmission-de-ceux-ci\/","title":{"rendered":"Join us in making up the autumn 2024 intake by taking part in the admissions process!"},"content":{"rendered":"<div data-elementor-type=\"wp-post\" data-elementor-id=\"11369\" class=\"elementor elementor-11369\" data-elementor-post-type=\"post\">\n\t\t\t\t<div class=\"elementor-element elementor-element-569b0a3 e-con-full e-flex e-con e-parent\" data-id=\"569b0a3\" data-element_type=\"container\" data-e-type=\"container\" data-settings=\"{&quot;background_background&quot;:&quot;classic&quot;,&quot;background_motion_fx_motion_fx_mouse&quot;:&quot;yes&quot;,&quot;background_motion_fx_mouseTrack_effect&quot;:&quot;yes&quot;,&quot;background_motion_fx_mouseTrack_speed&quot;:{&quot;unit&quot;:&quot;px&quot;,&quot;size&quot;:1,&quot;sizes&quot;:[]}}\">\n\t\t<div class=\"elementor-element elementor-element-64616b5 e-flex e-con-boxed e-con e-child\" data-id=\"64616b5\" data-element_type=\"container\" data-e-type=\"container\" data-settings=\"{&quot;background_background&quot;:&quot;classic&quot;}\">\n\t\t\t\t\t<div class=\"e-con-inner\">\n\t\t<div class=\"elementor-element elementor-element-c38a6a3 e-con-full e-flex e-con e-child\" data-id=\"c38a6a3\" data-element_type=\"container\" data-e-type=\"container\">\n\t\t\t\t<div class=\"elementor-element elementor-element-211f1f6 elementor-invisible elementor-widget elementor-widget-text-editor\" data-id=\"211f1f6\" data-element_type=\"widget\" data-e-type=\"widget\" data-settings=\"{&quot;_animation&quot;:&quot;fadeIn&quot;,&quot;_animation_delay&quot;:500}\" data-widget_type=\"text-editor.default\">\n\t\t\t\t<div class=\"elementor-widget-container\">\n\t\t\t\t\t\t\t\t\tAugust 28, 2024\t\t\t\t\t\t\t\t<\/div>\n\t\t\t\t<\/div>\n\t\t\t\t<div class=\"elementor-element elementor-element-fc5633f elementor-widget-divider--view-line elementor-invisible elementor-widget elementor-widget-divider\" data-id=\"fc5633f\" data-element_type=\"widget\" data-e-type=\"widget\" data-settings=\"{&quot;_animation&quot;:&quot;fadeInUp&quot;}\" data-widget_type=\"divider.default\">\n\t\t\t\t<div class=\"elementor-widget-container\">\n\t\t\t\t\t\t\t<div class=\"elementor-divider\">\n\t\t\t<span class=\"elementor-divider-separator\">\n\t\t\t\t\t\t<\/span>\n\t\t<\/div>\n\t\t\t\t\t\t<\/div>\n\t\t\t\t<\/div>\n\t\t\t\t<div class=\"elementor-element elementor-element-c783a2c elementor-invisible elementor-widget elementor-widget-heading\" data-id=\"c783a2c\" data-element_type=\"widget\" data-e-type=\"widget\" data-settings=\"{&quot;_animation&quot;:&quot;fadeInUp&quot;}\" data-widget_type=\"heading.default\">\n\t\t\t\t<div class=\"elementor-widget-container\">\n\t\t\t\t\t<h1 class=\"elementor-heading-title elementor-size-default\">Join us in making up the autumn 2024 intake by taking part in the admissions process!<\/h1>\t\t\t\t<\/div>\n\t\t\t\t<\/div>\n\t\t<div class=\"elementor-element elementor-element-6a2c7aa e-flex e-con-boxed e-con e-child\" data-id=\"6a2c7aa\" data-element_type=\"container\" data-e-type=\"container\">\n\t\t\t\t\t<div class=\"e-con-inner\">\n\t\t\t\t<div class=\"elementor-element elementor-element-8ee00c1 elementor-align-center elementor-invisible elementor-widget elementor-widget-lottie\" data-id=\"8ee00c1\" data-element_type=\"widget\" data-e-type=\"widget\" data-settings=\"{&quot;source_json&quot;:{&quot;url&quot;:&quot;https:\\\/\\\/www.engagement.fr\\\/wp-content\\\/uploads\\\/2024\\\/03\\\/2810-arrow-down.json&quot;,&quot;id&quot;:1401,&quot;size&quot;:&quot;&quot;,&quot;alt&quot;:&quot;&quot;,&quot;source&quot;:&quot;library&quot;},&quot;loop&quot;:&quot;yes&quot;,&quot;_animation&quot;:&quot;fadeIn&quot;,&quot;_animation_delay&quot;:600,&quot;source&quot;:&quot;media_file&quot;,&quot;caption_source&quot;:&quot;none&quot;,&quot;link_to&quot;:&quot;none&quot;,&quot;trigger&quot;:&quot;arriving_to_viewport&quot;,&quot;viewport&quot;:{&quot;unit&quot;:&quot;%&quot;,&quot;size&quot;:&quot;&quot;,&quot;sizes&quot;:{&quot;start&quot;:0,&quot;end&quot;:100}},&quot;play_speed&quot;:{&quot;unit&quot;:&quot;px&quot;,&quot;size&quot;:1,&quot;sizes&quot;:[]},&quot;start_point&quot;:{&quot;unit&quot;:&quot;%&quot;,&quot;size&quot;:0,&quot;sizes&quot;:[]},&quot;end_point&quot;:{&quot;unit&quot;:&quot;%&quot;,&quot;size&quot;:100,&quot;sizes&quot;:[]},&quot;renderer&quot;:&quot;svg&quot;}\" data-widget_type=\"lottie.default\">\n\t\t\t\t<div class=\"elementor-widget-container\">\n\t\t\t\t\t<div class=\"e-lottie__container\"><div class=\"e-lottie__animation\"><\/div><\/div>\t\t\t\t<\/div>\n\t\t\t\t<\/div>\n\t\t\t\t\t<\/div>\n\t\t\t\t<\/div>\n\t\t\t\t<\/div>\n\t\t\t\t\t<\/div>\n\t\t\t\t<\/div>\n\t\t\t\t<\/div>\n\t\t<div class=\"elementor-element elementor-element-e8ab51a e-flex e-con-boxed e-con e-parent\" data-id=\"e8ab51a\" data-element_type=\"container\" data-e-type=\"container\" data-settings=\"{&quot;background_background&quot;:&quot;classic&quot;}\">\n\t\t\t\t\t<div class=\"e-con-inner\">\n\t\t\t\t<div class=\"elementor-element elementor-element-50317e3 elementor-widget elementor-widget-text-editor\" data-id=\"50317e3\" data-element_type=\"widget\" data-e-type=\"widget\" data-widget_type=\"text-editor.default\">\n\t\t\t\t<div class=\"elementor-widget-container\">\n\t\t\t\t\t\t\t\t\t<p><strong><span style=\"color: var( --e-global-color-secondary ); text-align: var(--text-align); background-color: var( --e-global-color-primary ); font-family: var( --e-global-typography-text-font-family ), Sans-serif; font-size: var( --e-global-typography-text-font-size );\">How are the winners selected?<\/span><\/strong><\/p><p><span style=\"color: var( --e-global-color-secondary ); text-align: var(--text-align); background-color: var( --e-global-color-primary ); font-family: var( --e-global-typography-text-font-family ), Sans-serif; font-size: var( --e-global-typography-text-font-size ); font-weight: var( --e-global-typography-text-font-weight );\">There are two stages to the admission procedure. First, candidates submit an application, which is studied by volunteers and reviewed by Institute staff. Next, the successful candidates are interviewed by an admissions panel. The members of the panel look in depth at the candidates' motivations and discuss their plans for the future and their commitment.<\/span><\/p><p><strong><span style=\"background-color: var( --e-global-color-primary ); color: var( --e-global-color-secondary ); font-family: var( --e-global-typography-text-font-family ), Sans-serif; font-size: var( --e-global-typography-text-font-size ); text-align: var(--text-align);\">Would you like to help us create the new class of winners?<\/span><\/strong><\/p><p><strong><span style=\"color: var( --e-global-color-secondary ); text-align: var(--text-align); background-color: var( --e-global-color-primary ); font-family: var( --e-global-typography-text-font-family ), Sans-serif; font-size: var( --e-global-typography-text-font-size );\">Why not take the plunge?<\/span><\/strong><\/p><p><span style=\"color: var( --e-global-color-secondary ); text-align: var(--text-align); background-color: var( --e-global-color-primary ); font-family: var( --e-global-typography-text-font-family ), Sans-serif; font-size: var( --e-global-typography-text-font-size ); font-weight: var( --e-global-typography-text-font-weight );\">As part of the first application phase, we are looking for volunteers to read the winning applicants' dossiers.\u00a0<\/span><\/p><p><span style=\"color: var( --e-global-color-secondary ); text-align: var(--text-align); background-color: var( --e-global-color-primary ); font-family: var( --e-global-typography-text-font-family ), Sans-serif; font-size: var( --e-global-typography-text-font-size ); font-weight: var( --e-global-typography-text-font-weight );\">You'll have the chance to discover the different profiles of the candidates, and talk to them about their background, their commitment and their plans for the future. You'll be able to offer them support and advice.\u00a0<\/span><\/p><p><span style=\"background-color: var( --e-global-color-primary ); color: var( --e-global-color-secondary ); font-family: var( --e-global-typography-text-font-family ), Sans-serif; font-size: var( --e-global-typography-text-font-size ); font-weight: var( --e-global-typography-text-font-weight ); text-align: var(--text-align);\">This reading of the file can be done collectively, within your company, or individually, as a volunteer.<\/span><\/p><p><span style=\"background-color: var( --e-global-color-primary ); color: var( --e-global-color-secondary ); font-family: var( --e-global-typography-text-font-family ), Sans-serif; font-size: var( --e-global-typography-text-font-size ); font-weight: var( --e-global-typography-text-font-weight ); text-align: var(--text-align);\">We can organise group sessions to read files on your premises. Several employees are brought together and mobilised for half a day to carry out this commitment mission. During these sessions, employees are given guidance and advice on how to read the files.<\/span><\/p><p><strong><span style=\"background-color: var( --e-global-color-primary ); color: var( --e-global-color-secondary ); font-family: var( --e-global-typography-text-font-family ), Sans-serif; font-size: var( --e-global-typography-text-font-size ); text-align: var(--text-align);\">To organise a group session at your company, please contact us:<\/span><\/strong><\/p><p><span style=\"color: var( --e-global-color-secondary ); text-align: var(--text-align); background-color: var( --e-global-color-primary ); font-family: var( --e-global-typography-text-font-family ), Sans-serif; font-size: var( --e-global-typography-text-font-size ); font-weight: var( --e-global-typography-text-font-weight );\">Gabrielle MONVILLE-LETU, trainee in charge of mobilising companies and volunteers, at gabrielle.monvilleletu@engagement.fr or Quentin MOREAU, project manager for partnerships and corporate involvement, at quentin.moreau@engagement.fr.<\/span><\/p><p><span style=\"background-color: var( --e-global-color-primary ); color: var( --e-global-color-secondary ); font-family: var( --e-global-typography-text-font-family ), Sans-serif; font-size: var( --e-global-typography-text-font-size ); font-weight: var( --e-global-typography-text-font-weight ); text-align: var(--text-align);\">You can also register as an individual volunteer file reader. To register on our dedicated platform, please click on this link.<\/span><\/p><p><span style=\"text-decoration: underline;\"><strong><span style=\"background-color: var( --e-global-color-primary ); color: var( --e-global-color-secondary ); font-family: var( --e-global-typography-text-font-family ), Sans-serif; font-size: var( --e-global-typography-text-font-size ); text-align: var(--text-align); text-decoration: underline;\">Practical information:\u00a0<\/span><\/strong><\/span><\/p><p><strong><span style=\"background-color: var( --e-global-color-primary ); color: var( --e-global-color-secondary ); font-family: var( --e-global-typography-text-font-family ), Sans-serif; font-size: var( --e-global-typography-text-font-size ); text-align: var(--text-align);\">When?<\/span><\/strong><\/p><p><span style=\"background-color: var( --e-global-color-primary ); color: var( --e-global-color-secondary ); font-family: var( --e-global-typography-text-font-family ), Sans-serif; font-size: var( --e-global-typography-text-font-size ); font-weight: var( --e-global-typography-text-font-weight ); text-align: var(--text-align);\">Reading of applications: from 7 October to 16 October<\/span><\/p><p><span style=\"color: var( --e-global-color-secondary ); text-align: var(--text-align); background-color: var( --e-global-color-primary ); font-family: var( --e-global-typography-text-font-family ), Sans-serif; font-size: var( --e-global-typography-text-font-size ); font-weight: var( --e-global-typography-text-font-weight );\">Admissions jury: 29 October to 12 November<\/span><\/p><p><strong><span style=\"background-color: var( --e-global-color-primary ); color: var( --e-global-color-secondary ); font-family: var( --e-global-typography-text-font-family ), Sans-serif; font-size: var( --e-global-typography-text-font-size ); text-align: var(--text-align);\">Any questions?<\/span><\/strong><\/p><p><span style=\"color: var( --e-global-color-secondary ); text-align: var(--text-align); background-color: var( --e-global-color-primary ); font-family: var( --e-global-typography-text-font-family ), Sans-serif; font-size: var( --e-global-typography-text-font-size ); font-weight: var( --e-global-typography-text-font-weight );\">Contact Quentin MOREAU, partnerships and corporate commitment project manager quentin.moreau@engagement.fr or partenariats@engagement.fr.\u00a0<\/span><\/p><p>Thank you for your commitment.<\/p>\t\t\t\t\t\t\t\t<\/div>\n\t\t\t\t<\/div>\n\t\t\t\t<div class=\"elementor-element elementor-element-13a4c05 elementor-widget elementor-widget-image\" data-id=\"13a4c05\" data-element_type=\"widget\" data-e-type=\"widget\" data-widget_type=\"image.default\">\n\t\t\t\t<div class=\"elementor-widget-container\">\n\t\t\t\t\t\t\t\t\t\t\t\t\t\t\t<img fetchpriority=\"high\" decoding=\"async\" width=\"2560\" height=\"1707\" src=\"https:\/\/www.engagement.fr\/wp-content\/uploads\/2024\/08\/3E2A4636-scaled.jpg\" class=\"attachment-full size-full wp-image-11370\" alt=\"\" srcset=\"https:\/\/www.engagement.fr\/wp-content\/uploads\/2024\/08\/3E2A4636-scaled.jpg 2560w, https:\/\/www.engagement.fr\/wp-content\/uploads\/2024\/08\/3E2A4636-300x200.jpg 300w, https:\/\/www.engagement.fr\/wp-content\/uploads\/2024\/08\/3E2A4636-1024x683.jpg 1024w, https:\/\/www.engagement.fr\/wp-content\/uploads\/2024\/08\/3E2A4636-768x512.jpg 768w, https:\/\/www.engagement.fr\/wp-content\/uploads\/2024\/08\/3E2A4636-1536x1024.jpg 1536w, https:\/\/www.engagement.fr\/wp-content\/uploads\/2024\/08\/3E2A4636-2048x1365.jpg 2048w\" sizes=\"(max-width: 2560px) 100vw, 2560px\" \/>\t\t\t\t\t\t\t\t\t\t\t\t\t\t\t<\/div>\n\t\t\t\t<\/div>\n\t\t\t\t\t<\/div>\n\t\t\t\t<\/div>\n\t\t<div class=\"elementor-element elementor-element-a054bb3 e-con-full e-flex e-con e-parent\" data-id=\"a054bb3\" data-element_type=\"container\" data-e-type=\"container\">\n\t\t\t\t<div class=\"elementor-element elementor-element-89d3b5c elementor-post-navigation-borders-yes elementor-widget elementor-widget-post-navigation\" data-id=\"89d3b5c\" data-element_type=\"widget\" data-e-type=\"widget\" data-widget_type=\"post-navigation.default\">\n\t\t\t\t<div class=\"elementor-widget-container\">\n\t\t\t\t\t\t\t<div class=\"elementor-post-navigation\" role=\"navigation\" aria-label=\"Post Navigation\">\n\t\t\t<div class=\"elementor-post-navigation__prev elementor-post-navigation__link\">\n\t\t\t\t<a href=\"https:\/\/www.engagement.fr\/en\/des-laureats-et-mentores-participent-au-citizenday-chez-loreal\/\" rel=\"prev\"><span class=\"post-navigation__arrow-wrapper post-navigation__arrow-prev\"><svg aria-hidden=\"true\" class=\"e-font-icon-svg e-fas-angle-left\" viewbox=\"0 0 256 512\" xmlns=\"http:\/\/www.w3.org\/2000\/svg\"><path d=\"M31.7 239l136-136c9.4-9.4 24.6-9.4 33.9 0l22.6 22.6c9.4 9.4 9.4 24.6 0 33.9L127.9 256l96.4 96.4c9.4 9.4 9.4 24.6 0 33.9L201.7 409c-9.4 9.4-24.6 9.4-33.9 0l-136-136c-9.5-9.4-9.5-24.6-.1-34z\"><\/path><\/svg><span class=\"elementor-screen-only\">Previous<\/span><\/span><span class=\"elementor-post-navigation__link__prev\"><span class=\"post-navigation__prev--label\">Previous<\/span><span class=\"post-navigation__prev--title\">The Institut de l'Engagement is authorised to collect the balance of the apprenticeship tax.<\/span><\/span><\/a>\t\t\t<\/div>\n\t\t\t\t\t\t\t<div class=\"elementor-post-navigation__separator-wrapper\">\n\t\t\t\t\t<div class=\"elementor-post-navigation__separator\"><\/div>\n\t\t\t\t<\/div>\n\t\t\t\t\t\t<div class=\"elementor-post-navigation__next elementor-post-navigation__link\">\n\t\t\t\t<a href=\"https:\/\/www.engagement.fr\/en\/retour-en-images-sur-la-42e-universite-de-lengagement-et-le-6eme-campus-de-lengagement-a-autrans\/\" rel=\"next\"><span class=\"elementor-post-navigation__link__next\"><span class=\"post-navigation__next--label\">Next<\/span><span class=\"post-navigation__next--title\">A look back at the 42nd Universit\u00e9 de l'Engagement and the 6th Campus de l'Engagement, in Autrans<\/span><\/span><span class=\"post-navigation__arrow-wrapper post-navigation__arrow-next\"><svg aria-hidden=\"true\" class=\"e-font-icon-svg e-fas-angle-right\" viewbox=\"0 0 256 512\" xmlns=\"http:\/\/www.w3.org\/2000\/svg\"><path d=\"M224.3 273l-136 136c-9.4 9.4-24.6 9.4-33.9 0l-22.6-22.6c-9.4-9.4-9.4-24.6 0-33.9l96.4-96.4-96.4-96.4c-9.4-9.4-9.4-24.6 0-33.9L54.3 103c9.4-9.4 24.6-9.4 33.9 0l136 136c9.5 9.4 9.5 24.6.1 34z\"><\/path><\/svg><span class=\"elementor-screen-only\">Next<\/span><\/span><\/a>\t\t\t<\/div>\n\t\t<\/div>\n\t\t\t\t\t\t<\/div>\n\t\t\t\t<\/div>\n\t\t\t\t<\/div>\n\t\t\t\t<\/div>","protected":false},"excerpt":{"rendered":"<p>We invite you to find out how the Institute's prize-winners are selected and to take part.<\/p>","protected":false},"author":4,"featured_media":11370,"comment_status":"open","ping_status":"open","sticky":false,"template":"elementor_header_footer","format":"standard","meta":{"footnotes":""},"categories":[1],"tags":[],"class_list":["post-11369","post","type-post","status-publish","format-standard","has-post-thumbnail","hentry","category-uncategorized"],"yoast_head":"<!-- This site is optimized with the Yoast SEO plugin v27.5 - https:\/\/yoast.com\/product\/yoast-seo-wordpress\/ -->\n<title>Composez avec nous la promotion d&#039;automne 2024 de laur\u00e9ats en participant \u00e0 la proc\u00e9dure d&#039;admission de ceux-ci ! - Institut de l&#039;Engagement<\/title>\n<meta name=\"robots\" content=\"index, follow, max-snippet:-1, max-image-preview:large, max-video-preview:-1\" \/>\n<link rel=\"canonical\" href=\"https:\/\/www.engagement.fr\/en\/join-us-in-creating-the-fall-2024-class-of-winners-by-taking-part-in-the-application-process\/\" \/>\n<meta property=\"og:locale\" content=\"en_GB\" \/>\n<meta property=\"og:type\" content=\"article\" \/>\n<meta property=\"og:title\" content=\"Composez avec nous la promotion d&#039;automne 2024 de laur\u00e9ats en participant \u00e0 la proc\u00e9dure d&#039;admission de ceux-ci ! - Institut de l&#039;Engagement\" \/>\n<meta property=\"og:description\" content=\"Nous vous invitons \u00e0 d\u00e9couvrir comment se passe la s\u00e9lection des laur\u00e9ats de l\u2019Institut et \u00e0 y participer.\" \/>\n<meta property=\"og:url\" content=\"https:\/\/www.engagement.fr\/en\/join-us-in-creating-the-fall-2024-class-of-winners-by-taking-part-in-the-application-process\/\" \/>\n<meta property=\"og:site_name\" content=\"Institut de l&#039;Engagement\" \/>\n<meta property=\"article:publisher\" content=\"https:\/\/www.facebook.com\/Institut.Engagement\" \/>\n<meta property=\"article:published_time\" content=\"2024-08-28T14:07:54+00:00\" \/>\n<meta property=\"article:modified_time\" content=\"2024-10-23T11:52:49+00:00\" \/>\n<meta property=\"og:image\" content=\"https:\/\/www.engagement.fr\/wp-content\/uploads\/2024\/08\/3E2A4636-scaled.jpg\" \/>\n\t<meta property=\"og:image:width\" content=\"2560\" \/>\n\t<meta property=\"og:image:height\" content=\"1707\" \/>\n\t<meta property=\"og:image:type\" content=\"image\/jpeg\" \/>\n<meta name=\"author\" content=\"Matthieu Schenk\" \/>\n<meta name=\"twitter:card\" content=\"summary_large_image\" \/>\n<meta name=\"twitter:creator\" content=\"@i_engagement\" \/>\n<meta name=\"twitter:site\" content=\"@i_engagement\" \/>\n<meta name=\"twitter:label1\" content=\"Written by\" \/>\n\t<meta name=\"twitter:data1\" content=\"Matthieu Schenk\" \/>\n\t<meta name=\"twitter:label2\" content=\"Estimated reading time\" \/>\n\t<meta name=\"twitter:data2\" content=\"3 minutes\" \/>\n<script type=\"application\/ld+json\" class=\"yoast-schema-graph\">{\"@context\":\"https:\\\/\\\/schema.org\",\"@graph\":[{\"@type\":\"Article\",\"@id\":\"https:\\\/\\\/www.engagement.fr\\\/composez-avec-nous-la-promotion-dautomne-2024-de-laureats-en-participant-a-la-procedure-dadmission-de-ceux-ci\\\/#article\",\"isPartOf\":{\"@id\":\"https:\\\/\\\/www.engagement.fr\\\/composez-avec-nous-la-promotion-dautomne-2024-de-laureats-en-participant-a-la-procedure-dadmission-de-ceux-ci\\\/\"},\"author\":{\"name\":\"Matthieu Schenk\",\"@id\":\"https:\\\/\\\/www.engagement.fr\\\/#\\\/schema\\\/person\\\/ca1a3fb46adf15dc21e7869db78efd3a\"},\"headline\":\"Composez avec nous la promotion d&rsquo;automne 2024 de laur\u00e9ats en participant \u00e0 la proc\u00e9dure d&rsquo;admission de ceux-ci !\",\"datePublished\":\"2024-08-28T14:07:54+00:00\",\"dateModified\":\"2024-10-23T11:52:49+00:00\",\"mainEntityOfPage\":{\"@id\":\"https:\\\/\\\/www.engagement.fr\\\/composez-avec-nous-la-promotion-dautomne-2024-de-laureats-en-participant-a-la-procedure-dadmission-de-ceux-ci\\\/\"},\"wordCount\":396,\"commentCount\":0,\"publisher\":{\"@id\":\"https:\\\/\\\/www.engagement.fr\\\/#organization\"},\"image\":{\"@id\":\"https:\\\/\\\/www.engagement.fr\\\/composez-avec-nous-la-promotion-dautomne-2024-de-laureats-en-participant-a-la-procedure-dadmission-de-ceux-ci\\\/#primaryimage\"},\"thumbnailUrl\":\"https:\\\/\\\/www.engagement.fr\\\/wp-content\\\/uploads\\\/2024\\\/08\\\/3E2A4636-scaled.jpg\",\"articleSection\":[\"Uncategorized\"],\"inLanguage\":\"en-GB\",\"potentialAction\":[{\"@type\":\"CommentAction\",\"name\":\"Comment\",\"target\":[\"https:\\\/\\\/www.engagement.fr\\\/composez-avec-nous-la-promotion-dautomne-2024-de-laureats-en-participant-a-la-procedure-dadmission-de-ceux-ci\\\/#respond\"]}]},{\"@type\":\"WebPage\",\"@id\":\"https:\\\/\\\/www.engagement.fr\\\/composez-avec-nous-la-promotion-dautomne-2024-de-laureats-en-participant-a-la-procedure-dadmission-de-ceux-ci\\\/\",\"url\":\"https:\\\/\\\/www.engagement.fr\\\/composez-avec-nous-la-promotion-dautomne-2024-de-laureats-en-participant-a-la-procedure-dadmission-de-ceux-ci\\\/\",\"name\":\"Composez avec nous la promotion d'automne 2024 de laur\u00e9ats en participant \u00e0 la proc\u00e9dure d'admission de ceux-ci ! - Institut de l&#039;Engagement\",\"isPartOf\":{\"@id\":\"https:\\\/\\\/www.engagement.fr\\\/#website\"},\"primaryImageOfPage\":{\"@id\":\"https:\\\/\\\/www.engagement.fr\\\/composez-avec-nous-la-promotion-dautomne-2024-de-laureats-en-participant-a-la-procedure-dadmission-de-ceux-ci\\\/#primaryimage\"},\"image\":{\"@id\":\"https:\\\/\\\/www.engagement.fr\\\/composez-avec-nous-la-promotion-dautomne-2024-de-laureats-en-participant-a-la-procedure-dadmission-de-ceux-ci\\\/#primaryimage\"},\"thumbnailUrl\":\"https:\\\/\\\/www.engagement.fr\\\/wp-content\\\/uploads\\\/2024\\\/08\\\/3E2A4636-scaled.jpg\",\"datePublished\":\"2024-08-28T14:07:54+00:00\",\"dateModified\":\"2024-10-23T11:52:49+00:00\",\"breadcrumb\":{\"@id\":\"https:\\\/\\\/www.engagement.fr\\\/composez-avec-nous-la-promotion-dautomne-2024-de-laureats-en-participant-a-la-procedure-dadmission-de-ceux-ci\\\/#breadcrumb\"},\"inLanguage\":\"en-GB\",\"potentialAction\":[{\"@type\":\"ReadAction\",\"target\":[\"https:\\\/\\\/www.engagement.fr\\\/composez-avec-nous-la-promotion-dautomne-2024-de-laureats-en-participant-a-la-procedure-dadmission-de-ceux-ci\\\/\"]}]},{\"@type\":\"ImageObject\",\"inLanguage\":\"en-GB\",\"@id\":\"https:\\\/\\\/www.engagement.fr\\\/composez-avec-nous-la-promotion-dautomne-2024-de-laureats-en-participant-a-la-procedure-dadmission-de-ceux-ci\\\/#primaryimage\",\"url\":\"https:\\\/\\\/www.engagement.fr\\\/wp-content\\\/uploads\\\/2024\\\/08\\\/3E2A4636-scaled.jpg\",\"contentUrl\":\"https:\\\/\\\/www.engagement.fr\\\/wp-content\\\/uploads\\\/2024\\\/08\\\/3E2A4636-scaled.jpg\",\"width\":2560,\"height\":1707},{\"@type\":\"BreadcrumbList\",\"@id\":\"https:\\\/\\\/www.engagement.fr\\\/composez-avec-nous-la-promotion-dautomne-2024-de-laureats-en-participant-a-la-procedure-dadmission-de-ceux-ci\\\/#breadcrumb\",\"itemListElement\":[{\"@type\":\"ListItem\",\"position\":1,\"name\":\"Accueil\",\"item\":\"https:\\\/\\\/www.engagement.fr\\\/\"},{\"@type\":\"ListItem\",\"position\":2,\"name\":\"Composez avec nous la promotion d&rsquo;automne 2024 de laur\u00e9ats en participant \u00e0 la proc\u00e9dure d&rsquo;admission de ceux-ci !\"}]},{\"@type\":\"WebSite\",\"@id\":\"https:\\\/\\\/www.engagement.fr\\\/#website\",\"url\":\"https:\\\/\\\/www.engagement.fr\\\/\",\"name\":\"Institut de l'Engagement\",\"description\":\"\",\"publisher\":{\"@id\":\"https:\\\/\\\/www.engagement.fr\\\/#organization\"},\"potentialAction\":[{\"@type\":\"SearchAction\",\"target\":{\"@type\":\"EntryPoint\",\"urlTemplate\":\"https:\\\/\\\/www.engagement.fr\\\/?s={search_term_string}\"},\"query-input\":{\"@type\":\"PropertyValueSpecification\",\"valueRequired\":true,\"valueName\":\"search_term_string\"}}],\"inLanguage\":\"en-GB\"},{\"@type\":\"Organization\",\"@id\":\"https:\\\/\\\/www.engagement.fr\\\/#organization\",\"name\":\"Institut de l'Engagement\",\"url\":\"https:\\\/\\\/www.engagement.fr\\\/\",\"logo\":{\"@type\":\"ImageObject\",\"inLanguage\":\"en-GB\",\"@id\":\"https:\\\/\\\/www.engagement.fr\\\/#\\\/schema\\\/logo\\\/image\\\/\",\"url\":\"https:\\\/\\\/www.engagement.fr\\\/wp-content\\\/uploads\\\/2024\\\/06\\\/Institut-de-lEngagement-Principal-Horizontal.png\",\"contentUrl\":\"https:\\\/\\\/www.engagement.fr\\\/wp-content\\\/uploads\\\/2024\\\/06\\\/Institut-de-lEngagement-Principal-Horizontal.png\",\"width\":3066,\"height\":646,\"caption\":\"Institut de l'Engagement\"},\"image\":{\"@id\":\"https:\\\/\\\/www.engagement.fr\\\/#\\\/schema\\\/logo\\\/image\\\/\"},\"sameAs\":[\"https:\\\/\\\/www.facebook.com\\\/Institut.Engagement\",\"https:\\\/\\\/x.com\\\/i_engagement\"]},{\"@type\":\"Person\",\"@id\":\"https:\\\/\\\/www.engagement.fr\\\/#\\\/schema\\\/person\\\/ca1a3fb46adf15dc21e7869db78efd3a\",\"name\":\"Matthieu Schenk\",\"image\":{\"@type\":\"ImageObject\",\"inLanguage\":\"en-GB\",\"@id\":\"https:\\\/\\\/secure.gravatar.com\\\/avatar\\\/4ff9bceb40c1aa940e8a5b81ec658fcf833720e75f51fbbf9bdf882ee4b75825?s=96&d=mm&r=g\",\"url\":\"https:\\\/\\\/secure.gravatar.com\\\/avatar\\\/4ff9bceb40c1aa940e8a5b81ec658fcf833720e75f51fbbf9bdf882ee4b75825?s=96&d=mm&r=g\",\"contentUrl\":\"https:\\\/\\\/secure.gravatar.com\\\/avatar\\\/4ff9bceb40c1aa940e8a5b81ec658fcf833720e75f51fbbf9bdf882ee4b75825?s=96&d=mm&r=g\",\"caption\":\"Matthieu Schenk\"},\"url\":\"https:\\\/\\\/www.engagement.fr\\\/en\\\/author\\\/matthieu-schenk\\\/\"}]}<\/script>\n<!-- \/ Yoast SEO plugin. -->","yoast_head_json":{"title":"Join us in making up the autumn 2024 intake of laureates by taking part in the admissions procedure! - Institute of Commitment","robots":{"index":"index","follow":"follow","max-snippet":"max-snippet:-1","max-image-preview":"max-image-preview:large","max-video-preview":"max-video-preview:-1"},"canonical":"https:\/\/www.engagement.fr\/en\/join-us-in-creating-the-fall-2024-class-of-winners-by-taking-part-in-the-application-process\/","og_locale":"en_GB","og_type":"article","og_title":"Composez avec nous la promotion d'automne 2024 de laur\u00e9ats en participant \u00e0 la proc\u00e9dure d'admission de ceux-ci ! - Institut de l&#039;Engagement","og_description":"Nous vous invitons \u00e0 d\u00e9couvrir comment se passe la s\u00e9lection des laur\u00e9ats de l\u2019Institut et \u00e0 y participer.","og_url":"https:\/\/www.engagement.fr\/en\/join-us-in-creating-the-fall-2024-class-of-winners-by-taking-part-in-the-application-process\/","og_site_name":"Institut de l&#039;Engagement","article_publisher":"https:\/\/www.facebook.com\/Institut.Engagement","article_published_time":"2024-08-28T14:07:54+00:00","article_modified_time":"2024-10-23T11:52:49+00:00","og_image":[{"width":2560,"height":1707,"url":"https:\/\/www.engagement.fr\/wp-content\/uploads\/2024\/08\/3E2A4636-scaled.jpg","type":"image\/jpeg"}],"author":"Matthieu Schenk","twitter_card":"summary_large_image","twitter_creator":"@i_engagement","twitter_site":"@i_engagement","twitter_misc":{"Written by":"Matthieu Schenk","Estimated reading time":"3 minutes"},"schema":{"@context":"https:\/\/schema.org","@graph":[{"@type":"Article","@id":"https:\/\/www.engagement.fr\/composez-avec-nous-la-promotion-dautomne-2024-de-laureats-en-participant-a-la-procedure-dadmission-de-ceux-ci\/#article","isPartOf":{"@id":"https:\/\/www.engagement.fr\/composez-avec-nous-la-promotion-dautomne-2024-de-laureats-en-participant-a-la-procedure-dadmission-de-ceux-ci\/"},"author":{"name":"Matthieu Schenk","@id":"https:\/\/www.engagement.fr\/#\/schema\/person\/ca1a3fb46adf15dc21e7869db78efd3a"},"headline":"Composez avec nous la promotion d&rsquo;automne 2024 de laur\u00e9ats en participant \u00e0 la proc\u00e9dure d&rsquo;admission de ceux-ci !","datePublished":"2024-08-28T14:07:54+00:00","dateModified":"2024-10-23T11:52:49+00:00","mainEntityOfPage":{"@id":"https:\/\/www.engagement.fr\/composez-avec-nous-la-promotion-dautomne-2024-de-laureats-en-participant-a-la-procedure-dadmission-de-ceux-ci\/"},"wordCount":396,"commentCount":0,"publisher":{"@id":"https:\/\/www.engagement.fr\/#organization"},"image":{"@id":"https:\/\/www.engagement.fr\/composez-avec-nous-la-promotion-dautomne-2024-de-laureats-en-participant-a-la-procedure-dadmission-de-ceux-ci\/#primaryimage"},"thumbnailUrl":"https:\/\/www.engagement.fr\/wp-content\/uploads\/2024\/08\/3E2A4636-scaled.jpg","articleSection":["Uncategorized"],"inLanguage":"en-GB","potentialAction":[{"@type":"CommentAction","name":"Comment","target":["https:\/\/www.engagement.fr\/composez-avec-nous-la-promotion-dautomne-2024-de-laureats-en-participant-a-la-procedure-dadmission-de-ceux-ci\/#respond"]}]},{"@type":"WebPage","@id":"https:\/\/www.engagement.fr\/composez-avec-nous-la-promotion-dautomne-2024-de-laureats-en-participant-a-la-procedure-dadmission-de-ceux-ci\/","url":"https:\/\/www.engagement.fr\/composez-avec-nous-la-promotion-dautomne-2024-de-laureats-en-participant-a-la-procedure-dadmission-de-ceux-ci\/","name":"Join us in making up the autumn 2024 intake of laureates by taking part in the admissions procedure! - Institute of Commitment","isPartOf":{"@id":"https:\/\/www.engagement.fr\/#website"},"primaryImageOfPage":{"@id":"https:\/\/www.engagement.fr\/composez-avec-nous-la-promotion-dautomne-2024-de-laureats-en-participant-a-la-procedure-dadmission-de-ceux-ci\/#primaryimage"},"image":{"@id":"https:\/\/www.engagement.fr\/composez-avec-nous-la-promotion-dautomne-2024-de-laureats-en-participant-a-la-procedure-dadmission-de-ceux-ci\/#primaryimage"},"thumbnailUrl":"https:\/\/www.engagement.fr\/wp-content\/uploads\/2024\/08\/3E2A4636-scaled.jpg","datePublished":"2024-08-28T14:07:54+00:00","dateModified":"2024-10-23T11:52:49+00:00","breadcrumb":{"@id":"https:\/\/www.engagement.fr\/composez-avec-nous-la-promotion-dautomne-2024-de-laureats-en-participant-a-la-procedure-dadmission-de-ceux-ci\/#breadcrumb"},"inLanguage":"en-GB","potentialAction":[{"@type":"ReadAction","target":["https:\/\/www.engagement.fr\/composez-avec-nous-la-promotion-dautomne-2024-de-laureats-en-participant-a-la-procedure-dadmission-de-ceux-ci\/"]}]},{"@type":"ImageObject","inLanguage":"en-GB","@id":"https:\/\/www.engagement.fr\/composez-avec-nous-la-promotion-dautomne-2024-de-laureats-en-participant-a-la-procedure-dadmission-de-ceux-ci\/#primaryimage","url":"https:\/\/www.engagement.fr\/wp-content\/uploads\/2024\/08\/3E2A4636-scaled.jpg","contentUrl":"https:\/\/www.engagement.fr\/wp-content\/uploads\/2024\/08\/3E2A4636-scaled.jpg","width":2560,"height":1707},{"@type":"BreadcrumbList","@id":"https:\/\/www.engagement.fr\/composez-avec-nous-la-promotion-dautomne-2024-de-laureats-en-participant-a-la-procedure-dadmission-de-ceux-ci\/#breadcrumb","itemListElement":[{"@type":"ListItem","position":1,"name":"Accueil","item":"https:\/\/www.engagement.fr\/"},{"@type":"ListItem","position":2,"name":"Composez avec nous la promotion d&rsquo;automne 2024 de laur\u00e9ats en participant \u00e0 la proc\u00e9dure d&rsquo;admission de ceux-ci !"}]},{"@type":"WebSite","@id":"https:\/\/www.engagement.fr\/#website","url":"https:\/\/www.engagement.fr\/","name":"Institute of Commitment","description":"","publisher":{"@id":"https:\/\/www.engagement.fr\/#organization"},"potentialAction":[{"@type":"SearchAction","target":{"@type":"EntryPoint","urlTemplate":"https:\/\/www.engagement.fr\/?s={search_term_string}"},"query-input":{"@type":"PropertyValueSpecification","valueRequired":true,"valueName":"search_term_string"}}],"inLanguage":"en-GB"},{"@type":"Organization","@id":"https:\/\/www.engagement.fr\/#organization","name":"Institute of Commitment","url":"https:\/\/www.engagement.fr\/","logo":{"@type":"ImageObject","inLanguage":"en-GB","@id":"https:\/\/www.engagement.fr\/#\/schema\/logo\/image\/","url":"https:\/\/www.engagement.fr\/wp-content\/uploads\/2024\/06\/Institut-de-lEngagement-Principal-Horizontal.png","contentUrl":"https:\/\/www.engagement.fr\/wp-content\/uploads\/2024\/06\/Institut-de-lEngagement-Principal-Horizontal.png","width":3066,"height":646,"caption":"Institut de l'Engagement"},"image":{"@id":"https:\/\/www.engagement.fr\/#\/schema\/logo\/image\/"},"sameAs":["https:\/\/www.facebook.com\/Institut.Engagement","https:\/\/x.com\/i_engagement"]},{"@type":"Person","@id":"https:\/\/www.engagement.fr\/#\/schema\/person\/ca1a3fb46adf15dc21e7869db78efd3a","name":"Matthieu Schenk","image":{"@type":"ImageObject","inLanguage":"en-GB","@id":"https:\/\/secure.gravatar.com\/avatar\/4ff9bceb40c1aa940e8a5b81ec658fcf833720e75f51fbbf9bdf882ee4b75825?s=96&d=mm&r=g","url":"https:\/\/secure.gravatar.com\/avatar\/4ff9bceb40c1aa940e8a5b81ec658fcf833720e75f51fbbf9bdf882ee4b75825?s=96&d=mm&r=g","contentUrl":"https:\/\/secure.gravatar.com\/avatar\/4ff9bceb40c1aa940e8a5b81ec658fcf833720e75f51fbbf9bdf882ee4b75825?s=96&d=mm&r=g","caption":"Matthieu Schenk"},"url":"https:\/\/www.engagement.fr\/en\/author\/matthieu-schenk\/"}]}},"_links":{"self":[{"href":"https:\/\/www.engagement.fr\/en\/wp-json\/wp\/v2\/posts\/11369","targetHints":{"allow":["GET"]}}],"collection":[{"href":"https:\/\/www.engagement.fr\/en\/wp-json\/wp\/v2\/posts"}],"about":[{"href":"https:\/\/www.engagement.fr\/en\/wp-json\/wp\/v2\/types\/post"}],"author":[{"embeddable":true,"href":"https:\/\/www.engagement.fr\/en\/wp-json\/wp\/v2\/users\/4"}],"replies":[{"embeddable":true,"href":"https:\/\/www.engagement.fr\/en\/wp-json\/wp\/v2\/comments?post=11369"}],"version-history":[{"count":4,"href":"https:\/\/www.engagement.fr\/en\/wp-json\/wp\/v2\/posts\/11369\/revisions"}],"predecessor-version":[{"id":11762,"href":"https:\/\/www.engagement.fr\/en\/wp-json\/wp\/v2\/posts\/11369\/revisions\/11762"}],"wp:featuredmedia":[{"embeddable":true,"href":"https:\/\/www.engagement.fr\/en\/wp-json\/wp\/v2\/media\/11370"}],"wp:attachment":[{"href":"https:\/\/www.engagement.fr\/en\/wp-json\/wp\/v2\/media?parent=11369"}],"wp:term":[{"taxonomy":"category","embeddable":true,"href":"https:\/\/www.engagement.fr\/en\/wp-json\/wp\/v2\/categories?post=11369"},{"taxonomy":"post_tag","embeddable":true,"href":"https:\/\/www.engagement.fr\/en\/wp-json\/wp\/v2\/tags?post=11369"}],"curies":[{"name":"wp","href":"https:\/\/api.w.org\/{rel}","templated":true}]}}