{"id":11360,"date":"2024-08-28T13:46:25","date_gmt":"2024-08-28T13:46:25","guid":{"rendered":"https:\/\/www.engagement.fr\/?p=11360"},"modified":"2024-10-07T09:28:28","modified_gmt":"2024-10-07T09:28:28","slug":"winners-and-mentors-take-part-in-citizenday-at-loreal","status":"publish","type":"post","link":"https:\/\/www.engagement.fr\/en\/des-laureats-et-mentores-participent-au-citizenday-chez-loreal\/","title":{"rendered":"The Institut de l'Engagement is authorised to collect the balance of the apprenticeship tax."},"content":{"rendered":"<div data-elementor-type=\"wp-post\" data-elementor-id=\"11360\" class=\"elementor elementor-11360\" data-elementor-post-type=\"post\">\n\t\t\t\t<div class=\"elementor-element elementor-element-569b0a3 e-con-full e-flex e-con e-parent\" data-id=\"569b0a3\" data-element_type=\"container\" data-e-type=\"container\" data-settings=\"{&quot;background_background&quot;:&quot;classic&quot;,&quot;background_motion_fx_motion_fx_mouse&quot;:&quot;yes&quot;,&quot;background_motion_fx_mouseTrack_effect&quot;:&quot;yes&quot;,&quot;background_motion_fx_mouseTrack_speed&quot;:{&quot;unit&quot;:&quot;px&quot;,&quot;size&quot;:1,&quot;sizes&quot;:[]}}\">\n\t\t<div class=\"elementor-element elementor-element-64616b5 e-flex e-con-boxed e-con e-child\" data-id=\"64616b5\" data-element_type=\"container\" data-e-type=\"container\" data-settings=\"{&quot;background_background&quot;:&quot;classic&quot;}\">\n\t\t\t\t\t<div class=\"e-con-inner\">\n\t\t<div class=\"elementor-element elementor-element-c38a6a3 e-con-full e-flex e-con e-child\" data-id=\"c38a6a3\" data-element_type=\"container\" data-e-type=\"container\">\n\t\t\t\t<div class=\"elementor-element elementor-element-211f1f6 elementor-invisible elementor-widget elementor-widget-text-editor\" data-id=\"211f1f6\" data-element_type=\"widget\" data-e-type=\"widget\" data-settings=\"{&quot;_animation&quot;:&quot;fadeIn&quot;,&quot;_animation_delay&quot;:500}\" data-widget_type=\"text-editor.default\">\n\t\t\t\t<div class=\"elementor-widget-container\">\n\t\t\t\t\t\t\t\t\tAugust 28, 2024\t\t\t\t\t\t\t\t<\/div>\n\t\t\t\t<\/div>\n\t\t\t\t<div class=\"elementor-element elementor-element-fc5633f elementor-widget-divider--view-line elementor-invisible elementor-widget elementor-widget-divider\" data-id=\"fc5633f\" data-element_type=\"widget\" data-e-type=\"widget\" data-settings=\"{&quot;_animation&quot;:&quot;fadeInUp&quot;}\" data-widget_type=\"divider.default\">\n\t\t\t\t<div class=\"elementor-widget-container\">\n\t\t\t\t\t\t\t<div class=\"elementor-divider\">\n\t\t\t<span class=\"elementor-divider-separator\">\n\t\t\t\t\t\t<\/span>\n\t\t<\/div>\n\t\t\t\t\t\t<\/div>\n\t\t\t\t<\/div>\n\t\t\t\t<div class=\"elementor-element elementor-element-c783a2c elementor-invisible elementor-widget elementor-widget-heading\" data-id=\"c783a2c\" data-element_type=\"widget\" data-e-type=\"widget\" data-settings=\"{&quot;_animation&quot;:&quot;fadeInUp&quot;}\" data-widget_type=\"heading.default\">\n\t\t\t\t<div class=\"elementor-widget-container\">\n\t\t\t\t\t<h1 class=\"elementor-heading-title elementor-size-default\">The Institut de l'Engagement is authorised to collect the balance<br>apprenticeship tax<\/h1>\t\t\t\t<\/div>\n\t\t\t\t<\/div>\n\t\t<div class=\"elementor-element elementor-element-6a2c7aa e-flex e-con-boxed e-con e-child\" data-id=\"6a2c7aa\" data-element_type=\"container\" data-e-type=\"container\">\n\t\t\t\t\t<div class=\"e-con-inner\">\n\t\t\t\t<div class=\"elementor-element elementor-element-8ee00c1 elementor-align-center elementor-invisible elementor-widget elementor-widget-lottie\" data-id=\"8ee00c1\" data-element_type=\"widget\" data-e-type=\"widget\" data-settings=\"{&quot;source_json&quot;:{&quot;url&quot;:&quot;https:\\\/\\\/www.engagement.fr\\\/wp-content\\\/uploads\\\/2024\\\/03\\\/2810-arrow-down.json&quot;,&quot;id&quot;:1401,&quot;size&quot;:&quot;&quot;,&quot;alt&quot;:&quot;&quot;,&quot;source&quot;:&quot;library&quot;},&quot;loop&quot;:&quot;yes&quot;,&quot;_animation&quot;:&quot;fadeIn&quot;,&quot;_animation_delay&quot;:600,&quot;source&quot;:&quot;media_file&quot;,&quot;caption_source&quot;:&quot;none&quot;,&quot;link_to&quot;:&quot;none&quot;,&quot;trigger&quot;:&quot;arriving_to_viewport&quot;,&quot;viewport&quot;:{&quot;unit&quot;:&quot;%&quot;,&quot;size&quot;:&quot;&quot;,&quot;sizes&quot;:{&quot;start&quot;:0,&quot;end&quot;:100}},&quot;play_speed&quot;:{&quot;unit&quot;:&quot;px&quot;,&quot;size&quot;:1,&quot;sizes&quot;:[]},&quot;start_point&quot;:{&quot;unit&quot;:&quot;%&quot;,&quot;size&quot;:0,&quot;sizes&quot;:[]},&quot;end_point&quot;:{&quot;unit&quot;:&quot;%&quot;,&quot;size&quot;:100,&quot;sizes&quot;:[]},&quot;renderer&quot;:&quot;svg&quot;}\" data-widget_type=\"lottie.default\">\n\t\t\t\t<div class=\"elementor-widget-container\">\n\t\t\t\t\t<div class=\"e-lottie__container\"><div class=\"e-lottie__animation\"><\/div><\/div>\t\t\t\t<\/div>\n\t\t\t\t<\/div>\n\t\t\t\t\t<\/div>\n\t\t\t\t<\/div>\n\t\t\t\t<\/div>\n\t\t\t\t\t<\/div>\n\t\t\t\t<\/div>\n\t\t\t\t<\/div>\n\t\t<div class=\"elementor-element elementor-element-e8ab51a e-flex e-con-boxed e-con e-parent\" data-id=\"e8ab51a\" data-element_type=\"container\" data-e-type=\"container\" data-settings=\"{&quot;background_background&quot;:&quot;classic&quot;}\">\n\t\t\t\t\t<div class=\"e-con-inner\">\n\t\t\t\t<div class=\"elementor-element elementor-element-50317e3 elementor-widget elementor-widget-text-editor\" data-id=\"50317e3\" data-element_type=\"widget\" data-e-type=\"widget\" data-widget_type=\"text-editor.default\">\n\t\t\t\t<div class=\"elementor-widget-container\">\n\t\t\t\t\t\t\t\t\t<p><span style=\"text-align: var(--text-align); background-color: var( --e-global-color-primary );\">The Institut de l'Engagement is recognised as a national organisation for the promotion of initial technological and vocational training in the trades. As such, it is authorised to collect the balance of the apprenticeship tax.<\/span><\/p><p><strong><span style=\"color: var( --e-global-color-secondary ); text-align: var(--text-align); background-color: var( --e-global-color-primary ); font-family: var( --e-global-typography-text-font-family ), Sans-serif; font-size: var( --e-global-typography-text-font-size );\">The 2024 campaign is underway and will end on 4 October 2024.<\/span><\/strong><\/p><p><span style=\"color: var( --e-global-color-secondary ); text-align: var(--text-align); background-color: var( --e-global-color-primary ); font-family: var( --e-global-typography-text-font-family ), Sans-serif; font-size: var( --e-global-typography-text-font-size ); font-weight: var( --e-global-typography-text-font-weight );\">Are you a manager? Are you an employee? Do you share the Institute's values and want to contribute to the future plans of our committed young people in difficulty? There's still time to pay us your apprenticeship tax!\u00a0<\/span><\/p><p><span style=\"color: var( --e-global-color-secondary ); text-align: var(--text-align); background-color: var( --e-global-color-primary ); font-family: var( --e-global-typography-text-font-family ), Sans-serif; font-size: var( --e-global-typography-text-font-size ); font-weight: var( --e-global-typography-text-font-weight );\">To do this:\u00a0<\/span><\/p><p><strong>1-<\/strong> Log on to SOLT\u00e9A with your Net-Entreprises login.<\/p><p><strong>2-<\/strong> Search for the Institute with its SIRET number: 795 349 950 00092 and send us your balance.<\/p><p><span style=\"background-color: var( --e-global-color-primary ); color: var( --e-global-color-secondary ); font-family: var( --e-global-typography-text-font-family ), Sans-serif; font-size: var( --e-global-typography-text-font-size ); font-weight: var( --e-global-typography-text-font-weight ); text-align: var(--text-align);\">Do you need help? Contact partenariats@engagements.fr<\/span><\/p><p><span style=\"color: var( --e-global-color-secondary ); text-align: var(--text-align); background-color: var( --e-global-color-primary ); font-family: var( --e-global-typography-text-font-family ), Sans-serif; font-size: var( --e-global-typography-text-font-size ); font-weight: var( --e-global-typography-text-font-weight );\">Find out more on our apprenticeship tax tab: <a href=\"https:\/\/www.engagement.fr\/en\/financial-sponsorship-and-apprenticeship-tax\/\">https:\/\/www.engagement.fr\/mecenat-financier-et-taxe-d-apprentissage\/<\/a><\/span><\/p>\t\t\t\t\t\t\t\t<\/div>\n\t\t\t\t<\/div>\n\t\t\t\t<div class=\"elementor-element elementor-element-13a4c05 elementor-widget elementor-widget-image\" data-id=\"13a4c05\" data-element_type=\"widget\" data-e-type=\"widget\" data-widget_type=\"image.default\">\n\t\t\t\t<div class=\"elementor-widget-container\">\n\t\t\t\t\t\t\t\t\t\t\t\t\t\t\t<img fetchpriority=\"high\" decoding=\"async\" width=\"1200\" height=\"628\" src=\"https:\/\/www.engagement.fr\/wp-content\/uploads\/2024\/08\/Visuels-Publicites-RS-1-12.png\" class=\"attachment-full size-full wp-image-11362\" alt=\"\" srcset=\"https:\/\/www.engagement.fr\/wp-content\/uploads\/2024\/08\/Visuels-Publicites-RS-1-12.png 1200w, https:\/\/www.engagement.fr\/wp-content\/uploads\/2024\/08\/Visuels-Publicites-RS-1-12-300x157.png 300w, https:\/\/www.engagement.fr\/wp-content\/uploads\/2024\/08\/Visuels-Publicites-RS-1-12-1024x536.png 1024w, https:\/\/www.engagement.fr\/wp-content\/uploads\/2024\/08\/Visuels-Publicites-RS-1-12-768x402.png 768w\" sizes=\"(max-width: 1200px) 100vw, 1200px\" \/>\t\t\t\t\t\t\t\t\t\t\t\t\t\t\t<\/div>\n\t\t\t\t<\/div>\n\t\t\t\t\t<\/div>\n\t\t\t\t<\/div>\n\t\t<div class=\"elementor-element elementor-element-a054bb3 e-con-full e-flex e-con e-parent\" data-id=\"a054bb3\" data-element_type=\"container\" data-e-type=\"container\">\n\t\t\t\t<div class=\"elementor-element elementor-element-89d3b5c elementor-post-navigation-borders-yes elementor-widget elementor-widget-post-navigation\" data-id=\"89d3b5c\" data-element_type=\"widget\" data-e-type=\"widget\" data-widget_type=\"post-navigation.default\">\n\t\t\t\t<div class=\"elementor-widget-container\">\n\t\t\t\t\t\t\t<div class=\"elementor-post-navigation\" role=\"navigation\" aria-label=\"Post Navigation\">\n\t\t\t<div class=\"elementor-post-navigation__prev elementor-post-navigation__link\">\n\t\t\t\t<a href=\"https:\/\/www.engagement.fr\/en\/intervenants-universite-ete-2024\/\" rel=\"prev\"><span class=\"post-navigation__arrow-wrapper post-navigation__arrow-prev\"><svg aria-hidden=\"true\" class=\"e-font-icon-svg e-fas-angle-left\" viewbox=\"0 0 256 512\" xmlns=\"http:\/\/www.w3.org\/2000\/svg\"><path d=\"M31.7 239l136-136c9.4-9.4 24.6-9.4 33.9 0l22.6 22.6c9.4 9.4 9.4 24.6 0 33.9L127.9 256l96.4 96.4c9.4 9.4 9.4 24.6 0 33.9L201.7 409c-9.4 9.4-24.6 9.4-33.9 0l-136-136c-9.5-9.4-9.5-24.6-.1-34z\"><\/path><\/svg><span class=\"elementor-screen-only\">Previous<\/span><\/span><span class=\"elementor-post-navigation__link__prev\"><span class=\"post-navigation__prev--label\">Previous<\/span><span class=\"post-navigation__prev--title\">D\u00e9couvrez les intervenants de l&rsquo;Universit\u00e9 de l&rsquo;Engagement et du Campus de l&rsquo;Engagement d&rsquo;\u00e9t\u00e9 2024<\/span><\/span><\/a>\t\t\t<\/div>\n\t\t\t\t\t\t\t<div class=\"elementor-post-navigation__separator-wrapper\">\n\t\t\t\t\t<div class=\"elementor-post-navigation__separator\"><\/div>\n\t\t\t\t<\/div>\n\t\t\t\t\t\t<div class=\"elementor-post-navigation__next elementor-post-navigation__link\">\n\t\t\t\t<a href=\"https:\/\/www.engagement.fr\/en\/composez-avec-nous-la-promotion-dautomne-2024-de-laureats-en-participant-a-la-procedure-dadmission-de-ceux-ci\/\" rel=\"next\"><span class=\"elementor-post-navigation__link__next\"><span class=\"post-navigation__next--label\">Next<\/span><span class=\"post-navigation__next--title\">Join us in making up the autumn 2024 intake by taking part in the admissions process!<\/span><\/span><span class=\"post-navigation__arrow-wrapper post-navigation__arrow-next\"><svg aria-hidden=\"true\" class=\"e-font-icon-svg e-fas-angle-right\" viewbox=\"0 0 256 512\" xmlns=\"http:\/\/www.w3.org\/2000\/svg\"><path d=\"M224.3 273l-136 136c-9.4 9.4-24.6 9.4-33.9 0l-22.6-22.6c-9.4-9.4-9.4-24.6 0-33.9l96.4-96.4-96.4-96.4c-9.4-9.4-9.4-24.6 0-33.9L54.3 103c9.4-9.4 24.6-9.4 33.9 0l136 136c9.5 9.4 9.5 24.6.1 34z\"><\/path><\/svg><span class=\"elementor-screen-only\">Next<\/span><\/span><\/a>\t\t\t<\/div>\n\t\t<\/div>\n\t\t\t\t\t\t<\/div>\n\t\t\t\t<\/div>\n\t\t\t\t<\/div>\n\t\t\t\t<\/div>","protected":false},"excerpt":{"rendered":"<p>The Institut de l'Engagement is recognised as a national organisation for the promotion of initial technological and vocational training in the trades. As such, it is authorised to collect the balance of the apprenticeship tax.<\/p>","protected":false},"author":4,"featured_media":11362,"comment_status":"open","ping_status":"open","sticky":false,"template":"elementor_header_footer","format":"standard","meta":{"footnotes":""},"categories":[1],"tags":[],"class_list":["post-11360","post","type-post","status-publish","format-standard","has-post-thumbnail","hentry","category-uncategorized"],"yoast_head":"<!-- This site is optimized with the Yoast SEO plugin v27.5 - https:\/\/yoast.com\/product\/yoast-seo-wordpress\/ -->\n<title>L&#039;Institut de l&#039;Engagement est habilit\u00e9 \u00e0 collecter le solde de la taxe d&#039;apprentissage\u200b - Institut de l&#039;Engagement<\/title>\n<meta name=\"robots\" content=\"index, follow, max-snippet:-1, max-image-preview:large, max-video-preview:-1\" \/>\n<link rel=\"canonical\" href=\"https:\/\/www.engagement.fr\/en\/winners-and-mentors-take-part-in-citizenday-at-loreal\/\" \/>\n<meta property=\"og:locale\" content=\"en_GB\" \/>\n<meta property=\"og:type\" content=\"article\" \/>\n<meta property=\"og:title\" content=\"L&#039;Institut de l&#039;Engagement est habilit\u00e9 \u00e0 collecter le solde de la taxe d&#039;apprentissage\u200b - Institut de l&#039;Engagement\" \/>\n<meta property=\"og:description\" content=\"L\u2019Institut de l\u2019Engagement est reconnu comme organisme agissant au plan national pour la promotion de la formation technologique et professionnelle initiale des m\u00e9tiers. A ce titre, il est habilit\u00e9 \u00e0 collecter le solde de la taxe d\u2019apprentissage.\" \/>\n<meta property=\"og:url\" content=\"https:\/\/www.engagement.fr\/en\/winners-and-mentors-take-part-in-citizenday-at-loreal\/\" \/>\n<meta property=\"og:site_name\" content=\"Institut de l&#039;Engagement\" \/>\n<meta property=\"article:publisher\" content=\"https:\/\/www.facebook.com\/Institut.Engagement\" \/>\n<meta property=\"article:published_time\" content=\"2024-08-28T13:46:25+00:00\" \/>\n<meta property=\"article:modified_time\" content=\"2024-10-07T09:28:28+00:00\" \/>\n<meta property=\"og:image\" content=\"https:\/\/www.engagement.fr\/wp-content\/uploads\/2024\/08\/Visuels-Publicites-RS-1-12.png\" \/>\n\t<meta property=\"og:image:width\" content=\"1200\" \/>\n\t<meta property=\"og:image:height\" content=\"628\" \/>\n\t<meta property=\"og:image:type\" content=\"image\/png\" \/>\n<meta name=\"author\" content=\"Matthieu Schenk\" \/>\n<meta name=\"twitter:card\" content=\"summary_large_image\" \/>\n<meta name=\"twitter:creator\" content=\"@i_engagement\" \/>\n<meta name=\"twitter:site\" content=\"@i_engagement\" \/>\n<meta name=\"twitter:label1\" content=\"Written by\" \/>\n\t<meta name=\"twitter:data1\" content=\"Matthieu Schenk\" \/>\n\t<meta name=\"twitter:label2\" content=\"Estimated reading time\" \/>\n\t<meta name=\"twitter:data2\" content=\"2 minutes\" \/>\n<script type=\"application\/ld+json\" class=\"yoast-schema-graph\">{\"@context\":\"https:\\\/\\\/schema.org\",\"@graph\":[{\"@type\":\"Article\",\"@id\":\"https:\\\/\\\/www.engagement.fr\\\/des-laureats-et-mentores-participent-au-citizenday-chez-loreal\\\/#article\",\"isPartOf\":{\"@id\":\"https:\\\/\\\/www.engagement.fr\\\/des-laureats-et-mentores-participent-au-citizenday-chez-loreal\\\/\"},\"author\":{\"name\":\"Matthieu Schenk\",\"@id\":\"https:\\\/\\\/www.engagement.fr\\\/#\\\/schema\\\/person\\\/ca1a3fb46adf15dc21e7869db78efd3a\"},\"headline\":\"L&rsquo;Institut de l&rsquo;Engagement est habilit\u00e9 \u00e0 collecter le solde de la taxe d&rsquo;apprentissage\u200b\",\"datePublished\":\"2024-08-28T13:46:25+00:00\",\"dateModified\":\"2024-10-07T09:28:28+00:00\",\"mainEntityOfPage\":{\"@id\":\"https:\\\/\\\/www.engagement.fr\\\/des-laureats-et-mentores-participent-au-citizenday-chez-loreal\\\/\"},\"wordCount\":174,\"commentCount\":0,\"publisher\":{\"@id\":\"https:\\\/\\\/www.engagement.fr\\\/#organization\"},\"image\":{\"@id\":\"https:\\\/\\\/www.engagement.fr\\\/des-laureats-et-mentores-participent-au-citizenday-chez-loreal\\\/#primaryimage\"},\"thumbnailUrl\":\"https:\\\/\\\/www.engagement.fr\\\/wp-content\\\/uploads\\\/2024\\\/08\\\/Visuels-Publicites-RS-1-12.png\",\"articleSection\":[\"Uncategorized\"],\"inLanguage\":\"en-GB\",\"potentialAction\":[{\"@type\":\"CommentAction\",\"name\":\"Comment\",\"target\":[\"https:\\\/\\\/www.engagement.fr\\\/des-laureats-et-mentores-participent-au-citizenday-chez-loreal\\\/#respond\"]}]},{\"@type\":\"WebPage\",\"@id\":\"https:\\\/\\\/www.engagement.fr\\\/des-laureats-et-mentores-participent-au-citizenday-chez-loreal\\\/\",\"url\":\"https:\\\/\\\/www.engagement.fr\\\/des-laureats-et-mentores-participent-au-citizenday-chez-loreal\\\/\",\"name\":\"L'Institut de l'Engagement est habilit\u00e9 \u00e0 collecter le solde de la taxe d'apprentissage\u200b - Institut de l&#039;Engagement\",\"isPartOf\":{\"@id\":\"https:\\\/\\\/www.engagement.fr\\\/#website\"},\"primaryImageOfPage\":{\"@id\":\"https:\\\/\\\/www.engagement.fr\\\/des-laureats-et-mentores-participent-au-citizenday-chez-loreal\\\/#primaryimage\"},\"image\":{\"@id\":\"https:\\\/\\\/www.engagement.fr\\\/des-laureats-et-mentores-participent-au-citizenday-chez-loreal\\\/#primaryimage\"},\"thumbnailUrl\":\"https:\\\/\\\/www.engagement.fr\\\/wp-content\\\/uploads\\\/2024\\\/08\\\/Visuels-Publicites-RS-1-12.png\",\"datePublished\":\"2024-08-28T13:46:25+00:00\",\"dateModified\":\"2024-10-07T09:28:28+00:00\",\"breadcrumb\":{\"@id\":\"https:\\\/\\\/www.engagement.fr\\\/des-laureats-et-mentores-participent-au-citizenday-chez-loreal\\\/#breadcrumb\"},\"inLanguage\":\"en-GB\",\"potentialAction\":[{\"@type\":\"ReadAction\",\"target\":[\"https:\\\/\\\/www.engagement.fr\\\/des-laureats-et-mentores-participent-au-citizenday-chez-loreal\\\/\"]}]},{\"@type\":\"ImageObject\",\"inLanguage\":\"en-GB\",\"@id\":\"https:\\\/\\\/www.engagement.fr\\\/des-laureats-et-mentores-participent-au-citizenday-chez-loreal\\\/#primaryimage\",\"url\":\"https:\\\/\\\/www.engagement.fr\\\/wp-content\\\/uploads\\\/2024\\\/08\\\/Visuels-Publicites-RS-1-12.png\",\"contentUrl\":\"https:\\\/\\\/www.engagement.fr\\\/wp-content\\\/uploads\\\/2024\\\/08\\\/Visuels-Publicites-RS-1-12.png\",\"width\":1200,\"height\":628},{\"@type\":\"BreadcrumbList\",\"@id\":\"https:\\\/\\\/www.engagement.fr\\\/des-laureats-et-mentores-participent-au-citizenday-chez-loreal\\\/#breadcrumb\",\"itemListElement\":[{\"@type\":\"ListItem\",\"position\":1,\"name\":\"Accueil\",\"item\":\"https:\\\/\\\/www.engagement.fr\\\/\"},{\"@type\":\"ListItem\",\"position\":2,\"name\":\"L&rsquo;Institut de l&rsquo;Engagement est habilit\u00e9 \u00e0 collecter le solde de la taxe d&rsquo;apprentissage\u200b\"}]},{\"@type\":\"WebSite\",\"@id\":\"https:\\\/\\\/www.engagement.fr\\\/#website\",\"url\":\"https:\\\/\\\/www.engagement.fr\\\/\",\"name\":\"Institut de l'Engagement\",\"description\":\"\",\"publisher\":{\"@id\":\"https:\\\/\\\/www.engagement.fr\\\/#organization\"},\"potentialAction\":[{\"@type\":\"SearchAction\",\"target\":{\"@type\":\"EntryPoint\",\"urlTemplate\":\"https:\\\/\\\/www.engagement.fr\\\/?s={search_term_string}\"},\"query-input\":{\"@type\":\"PropertyValueSpecification\",\"valueRequired\":true,\"valueName\":\"search_term_string\"}}],\"inLanguage\":\"en-GB\"},{\"@type\":\"Organization\",\"@id\":\"https:\\\/\\\/www.engagement.fr\\\/#organization\",\"name\":\"Institut de l'Engagement\",\"url\":\"https:\\\/\\\/www.engagement.fr\\\/\",\"logo\":{\"@type\":\"ImageObject\",\"inLanguage\":\"en-GB\",\"@id\":\"https:\\\/\\\/www.engagement.fr\\\/#\\\/schema\\\/logo\\\/image\\\/\",\"url\":\"https:\\\/\\\/www.engagement.fr\\\/wp-content\\\/uploads\\\/2024\\\/06\\\/Institut-de-lEngagement-Principal-Horizontal.png\",\"contentUrl\":\"https:\\\/\\\/www.engagement.fr\\\/wp-content\\\/uploads\\\/2024\\\/06\\\/Institut-de-lEngagement-Principal-Horizontal.png\",\"width\":3066,\"height\":646,\"caption\":\"Institut de l'Engagement\"},\"image\":{\"@id\":\"https:\\\/\\\/www.engagement.fr\\\/#\\\/schema\\\/logo\\\/image\\\/\"},\"sameAs\":[\"https:\\\/\\\/www.facebook.com\\\/Institut.Engagement\",\"https:\\\/\\\/x.com\\\/i_engagement\"]},{\"@type\":\"Person\",\"@id\":\"https:\\\/\\\/www.engagement.fr\\\/#\\\/schema\\\/person\\\/ca1a3fb46adf15dc21e7869db78efd3a\",\"name\":\"Matthieu Schenk\",\"image\":{\"@type\":\"ImageObject\",\"inLanguage\":\"en-GB\",\"@id\":\"https:\\\/\\\/secure.gravatar.com\\\/avatar\\\/4ff9bceb40c1aa940e8a5b81ec658fcf833720e75f51fbbf9bdf882ee4b75825?s=96&d=mm&r=g\",\"url\":\"https:\\\/\\\/secure.gravatar.com\\\/avatar\\\/4ff9bceb40c1aa940e8a5b81ec658fcf833720e75f51fbbf9bdf882ee4b75825?s=96&d=mm&r=g\",\"contentUrl\":\"https:\\\/\\\/secure.gravatar.com\\\/avatar\\\/4ff9bceb40c1aa940e8a5b81ec658fcf833720e75f51fbbf9bdf882ee4b75825?s=96&d=mm&r=g\",\"caption\":\"Matthieu Schenk\"},\"url\":\"https:\\\/\\\/www.engagement.fr\\\/en\\\/author\\\/matthieu-schenk\\\/\"}]}<\/script>\n<!-- \/ Yoast SEO plugin. -->","yoast_head_json":{"title":"The Institut de l'Engagement is authorised to collect the balance of the apprenticeship tax - Institut de l'Engagement","robots":{"index":"index","follow":"follow","max-snippet":"max-snippet:-1","max-image-preview":"max-image-preview:large","max-video-preview":"max-video-preview:-1"},"canonical":"https:\/\/www.engagement.fr\/en\/winners-and-mentors-take-part-in-citizenday-at-loreal\/","og_locale":"en_GB","og_type":"article","og_title":"L'Institut de l'Engagement est habilit\u00e9 \u00e0 collecter le solde de la taxe d'apprentissage\u200b - Institut de l&#039;Engagement","og_description":"L\u2019Institut de l\u2019Engagement est reconnu comme organisme agissant au plan national pour la promotion de la formation technologique et professionnelle initiale des m\u00e9tiers. A ce titre, il est habilit\u00e9 \u00e0 collecter le solde de la taxe d\u2019apprentissage.","og_url":"https:\/\/www.engagement.fr\/en\/winners-and-mentors-take-part-in-citizenday-at-loreal\/","og_site_name":"Institut de l&#039;Engagement","article_publisher":"https:\/\/www.facebook.com\/Institut.Engagement","article_published_time":"2024-08-28T13:46:25+00:00","article_modified_time":"2024-10-07T09:28:28+00:00","og_image":[{"width":1200,"height":628,"url":"https:\/\/www.engagement.fr\/wp-content\/uploads\/2024\/08\/Visuels-Publicites-RS-1-12.png","type":"image\/png"}],"author":"Matthieu Schenk","twitter_card":"summary_large_image","twitter_creator":"@i_engagement","twitter_site":"@i_engagement","twitter_misc":{"Written by":"Matthieu Schenk","Estimated reading time":"2 minutes"},"schema":{"@context":"https:\/\/schema.org","@graph":[{"@type":"Article","@id":"https:\/\/www.engagement.fr\/des-laureats-et-mentores-participent-au-citizenday-chez-loreal\/#article","isPartOf":{"@id":"https:\/\/www.engagement.fr\/des-laureats-et-mentores-participent-au-citizenday-chez-loreal\/"},"author":{"name":"Matthieu Schenk","@id":"https:\/\/www.engagement.fr\/#\/schema\/person\/ca1a3fb46adf15dc21e7869db78efd3a"},"headline":"L&rsquo;Institut de l&rsquo;Engagement est habilit\u00e9 \u00e0 collecter le solde de la taxe d&rsquo;apprentissage\u200b","datePublished":"2024-08-28T13:46:25+00:00","dateModified":"2024-10-07T09:28:28+00:00","mainEntityOfPage":{"@id":"https:\/\/www.engagement.fr\/des-laureats-et-mentores-participent-au-citizenday-chez-loreal\/"},"wordCount":174,"commentCount":0,"publisher":{"@id":"https:\/\/www.engagement.fr\/#organization"},"image":{"@id":"https:\/\/www.engagement.fr\/des-laureats-et-mentores-participent-au-citizenday-chez-loreal\/#primaryimage"},"thumbnailUrl":"https:\/\/www.engagement.fr\/wp-content\/uploads\/2024\/08\/Visuels-Publicites-RS-1-12.png","articleSection":["Uncategorized"],"inLanguage":"en-GB","potentialAction":[{"@type":"CommentAction","name":"Comment","target":["https:\/\/www.engagement.fr\/des-laureats-et-mentores-participent-au-citizenday-chez-loreal\/#respond"]}]},{"@type":"WebPage","@id":"https:\/\/www.engagement.fr\/des-laureats-et-mentores-participent-au-citizenday-chez-loreal\/","url":"https:\/\/www.engagement.fr\/des-laureats-et-mentores-participent-au-citizenday-chez-loreal\/","name":"The Institut de l'Engagement is authorised to collect the balance of the apprenticeship tax - Institut de l'Engagement","isPartOf":{"@id":"https:\/\/www.engagement.fr\/#website"},"primaryImageOfPage":{"@id":"https:\/\/www.engagement.fr\/des-laureats-et-mentores-participent-au-citizenday-chez-loreal\/#primaryimage"},"image":{"@id":"https:\/\/www.engagement.fr\/des-laureats-et-mentores-participent-au-citizenday-chez-loreal\/#primaryimage"},"thumbnailUrl":"https:\/\/www.engagement.fr\/wp-content\/uploads\/2024\/08\/Visuels-Publicites-RS-1-12.png","datePublished":"2024-08-28T13:46:25+00:00","dateModified":"2024-10-07T09:28:28+00:00","breadcrumb":{"@id":"https:\/\/www.engagement.fr\/des-laureats-et-mentores-participent-au-citizenday-chez-loreal\/#breadcrumb"},"inLanguage":"en-GB","potentialAction":[{"@type":"ReadAction","target":["https:\/\/www.engagement.fr\/des-laureats-et-mentores-participent-au-citizenday-chez-loreal\/"]}]},{"@type":"ImageObject","inLanguage":"en-GB","@id":"https:\/\/www.engagement.fr\/des-laureats-et-mentores-participent-au-citizenday-chez-loreal\/#primaryimage","url":"https:\/\/www.engagement.fr\/wp-content\/uploads\/2024\/08\/Visuels-Publicites-RS-1-12.png","contentUrl":"https:\/\/www.engagement.fr\/wp-content\/uploads\/2024\/08\/Visuels-Publicites-RS-1-12.png","width":1200,"height":628},{"@type":"BreadcrumbList","@id":"https:\/\/www.engagement.fr\/des-laureats-et-mentores-participent-au-citizenday-chez-loreal\/#breadcrumb","itemListElement":[{"@type":"ListItem","position":1,"name":"Accueil","item":"https:\/\/www.engagement.fr\/"},{"@type":"ListItem","position":2,"name":"L&rsquo;Institut de l&rsquo;Engagement est habilit\u00e9 \u00e0 collecter le solde de la taxe d&rsquo;apprentissage\u200b"}]},{"@type":"WebSite","@id":"https:\/\/www.engagement.fr\/#website","url":"https:\/\/www.engagement.fr\/","name":"Institute of Commitment","description":"","publisher":{"@id":"https:\/\/www.engagement.fr\/#organization"},"potentialAction":[{"@type":"SearchAction","target":{"@type":"EntryPoint","urlTemplate":"https:\/\/www.engagement.fr\/?s={search_term_string}"},"query-input":{"@type":"PropertyValueSpecification","valueRequired":true,"valueName":"search_term_string"}}],"inLanguage":"en-GB"},{"@type":"Organization","@id":"https:\/\/www.engagement.fr\/#organization","name":"Institute of Commitment","url":"https:\/\/www.engagement.fr\/","logo":{"@type":"ImageObject","inLanguage":"en-GB","@id":"https:\/\/www.engagement.fr\/#\/schema\/logo\/image\/","url":"https:\/\/www.engagement.fr\/wp-content\/uploads\/2024\/06\/Institut-de-lEngagement-Principal-Horizontal.png","contentUrl":"https:\/\/www.engagement.fr\/wp-content\/uploads\/2024\/06\/Institut-de-lEngagement-Principal-Horizontal.png","width":3066,"height":646,"caption":"Institut de l'Engagement"},"image":{"@id":"https:\/\/www.engagement.fr\/#\/schema\/logo\/image\/"},"sameAs":["https:\/\/www.facebook.com\/Institut.Engagement","https:\/\/x.com\/i_engagement"]},{"@type":"Person","@id":"https:\/\/www.engagement.fr\/#\/schema\/person\/ca1a3fb46adf15dc21e7869db78efd3a","name":"Matthieu Schenk","image":{"@type":"ImageObject","inLanguage":"en-GB","@id":"https:\/\/secure.gravatar.com\/avatar\/4ff9bceb40c1aa940e8a5b81ec658fcf833720e75f51fbbf9bdf882ee4b75825?s=96&d=mm&r=g","url":"https:\/\/secure.gravatar.com\/avatar\/4ff9bceb40c1aa940e8a5b81ec658fcf833720e75f51fbbf9bdf882ee4b75825?s=96&d=mm&r=g","contentUrl":"https:\/\/secure.gravatar.com\/avatar\/4ff9bceb40c1aa940e8a5b81ec658fcf833720e75f51fbbf9bdf882ee4b75825?s=96&d=mm&r=g","caption":"Matthieu Schenk"},"url":"https:\/\/www.engagement.fr\/en\/author\/matthieu-schenk\/"}]}},"_links":{"self":[{"href":"https:\/\/www.engagement.fr\/en\/wp-json\/wp\/v2\/posts\/11360","targetHints":{"allow":["GET"]}}],"collection":[{"href":"https:\/\/www.engagement.fr\/en\/wp-json\/wp\/v2\/posts"}],"about":[{"href":"https:\/\/www.engagement.fr\/en\/wp-json\/wp\/v2\/types\/post"}],"author":[{"embeddable":true,"href":"https:\/\/www.engagement.fr\/en\/wp-json\/wp\/v2\/users\/4"}],"replies":[{"embeddable":true,"href":"https:\/\/www.engagement.fr\/en\/wp-json\/wp\/v2\/comments?post=11360"}],"version-history":[{"count":8,"href":"https:\/\/www.engagement.fr\/en\/wp-json\/wp\/v2\/posts\/11360\/revisions"}],"predecessor-version":[{"id":11595,"href":"https:\/\/www.engagement.fr\/en\/wp-json\/wp\/v2\/posts\/11360\/revisions\/11595"}],"wp:featuredmedia":[{"embeddable":true,"href":"https:\/\/www.engagement.fr\/en\/wp-json\/wp\/v2\/media\/11362"}],"wp:attachment":[{"href":"https:\/\/www.engagement.fr\/en\/wp-json\/wp\/v2\/media?parent=11360"}],"wp:term":[{"taxonomy":"category","embeddable":true,"href":"https:\/\/www.engagement.fr\/en\/wp-json\/wp\/v2\/categories?post=11360"},{"taxonomy":"post_tag","embeddable":true,"href":"https:\/\/www.engagement.fr\/en\/wp-json\/wp\/v2\/tags?post=11360"}],"curies":[{"name":"wp","href":"https:\/\/api.w.org\/{rel}","templated":true}]}}